{"id":15545,"date":"2023-03-29T11:26:28","date_gmt":"2023-03-29T09:26:28","guid":{"rendered":"https:\/\/lgigroup.com\/?p=15545"},"modified":"2026-03-30T19:29:46","modified_gmt":"2026-03-30T17:29:46","slug":"lgi-zaehlt-zu-deutschlands-besten-arbeitgebern-2023","status":"publish","type":"post","link":"https:\/\/lgigroup.com\/de-de\/lgi-zaehlt-zu-deutschlands-besten-arbeitgebern-2023\/","title":{"rendered":"LGI z\u00e4hlt zu Deutschlands besten Arbeitgebern 2023"},"content":{"rendered":"\n<div class=\"wp-block-group container\"><div class=\"wp-block-group__inner-container is-layout-constrained wp-block-group-is-layout-constrained\">\n<p>Das Marktforschungsunternehmen Statista hat im Auftrag des Wochenmagazins Stern (Gruner + Jahr Medien) \u00fcber 43.000 Arbeitnehmerinnen und Arbeitnehmer \u00fcber ihren eigenen Arbeitgeber sowie andere Arbeitgeber innerhalb ihrer Branche befragt. Dabei wurden insgesamt ca. 1 Mio. Urteile ausgewertet. Basierend auf den Ergebnissen der gro\u00dfangelegten Studie wurden diejenigen Arbeitgeber in Deutschland ermittelt, bei denen die Befragten mit ihrem Arbeitsplatz so zufrieden sind, dass sie ihren Arbeitgeber Freunden und Familienmitgliedern empfehlen w\u00fcrden oder die sie aus ihrer Branche kannten und weiterempfehlen w\u00fcrden.<\/p>\n\n\n\n<p>Im Ergebnis wurde die LGI als eines der top 15 Unternehmen im Sektor Transport &amp; Logistik mit dem Siegel \u201eDeutschlands beste Arbeitgeber 2023\u201c ausgezeichnet.<\/p>\n\n\n            \r\n        <div class=\"spacing-block large spacing-block-id-69ef5ded61bb0\" >                                     \r\n                  <div class=\"large-space\">   \r\n                  <\/div>                      \r\n        <\/div>\n\n\r\n    \r\n    <section class=\"back-button-block op-2\">\r\n        \r\n        <div class=\"container\">\r\n            <div class=\"row my-5\">\r\n                <div class=\"col-12\">\r\n                    <div class=\"back-button-wrapper\">\r\n                        \r\n                        <a href=\"\/de-de\/lgi-spendet-fuer-erdbebenhilfe-in-turkei-und-syrien\/\" class=\"wt-bt wt-unset-animation\">\r\n                            <span class=\"arrow\">\r\n                                <span><\/span>\r\n                                <span><\/span>\r\n                            <\/span>\r\n                            \r\n                            <span class=\"prev\">Vorheriger<\/span>\r\n                        <\/a>     \r\n            \r\n                        \r\n                        <a href=\"\/de-de\/\/lgi-group\/newsroom\/\" class=\"wt-unset-animation\">\r\n                            <div class=\"wt-bt-t\">\r\n                                <svg>\r\n                                    <rect x=\"0\" y=\"0\" fill=\"none\" width=\"100%\" height=\"100%\"><\/rect>\r\n                                <\/svg>\r\n                                \r\n                                <span class=\"arrow\">\r\n                                    <span><\/span>\r\n                                    <span><\/span>\r\n                                <\/span>\r\n                                \r\n                                <span>Zum Newsroom<\/span>\r\n                            <\/div>\r\n                        <\/a>  \r\n                        \r\n                       \r\n                        <a href=\"\/de-de\/lgi-motion-magazin-23\/\" class=\"wt-bt wt-bt-revers wt-unset-animation\">\r\n                            <span class=\"prev\">N\u00e4chster<\/span>\r\n                            \r\n                            <span class=\"arrow arrow-revers\">\r\n                                <span><\/span>\r\n                                <span><\/span>\r\n                            <\/span>\r\n                        <\/a>     \r\n            \r\n                                         \r\n                    <\/div>\r\n                <\/div>\r\n            <\/div>\r\n        <\/div>        \r\n        \r\n    <\/section><\/div><\/div>\n\n\n            \r\n        <div class=\"spacing-block large spacing-block-id-69ef5ded64de9\" >                                     \r\n                  <div class=\"large-space\">   \r\n                  <\/div>                      \r\n        <\/div>\n\n\r\n            <section class=\"more-news-block news-block-header xx-27422\">\r\n                <div class=\"container\">\r\n                    \r\n                <\/div>\r\n            <\/section>\r\n\r\n            <section class=\"news-block-wrapper\">\r\n                <div class=\"container\">\r\n                \t<div class=\"row newsPost justify-content-center\">\r\n                \t<div class=\"newsPost-slider\">                \t\r\n                    \r\n                                    <div class=\"col-12 col-md-6 col-lg-4 post-img\">\r\n\t                                    <a href=\"\/de-de\/lgi-erweitert-geschaeftsleitung-zum-01-2026\/\" class=\"post-ovelay-link\">                                                    \r\n\t                                     \r\n                                        <div class=\"post\">\r\n                                        \t<div class=\"post-thumbnail\">\r\n                                        \t<div class=\"post-thumbnail-layer\">\r\n                                            <img loading=\"lazy\" decoding=\"async\" width=\"1920\" height=\"700\" src=\"\/wp-content\/uploads\/2026\/03\/20260216-lgi-erweiterungder-geschaftsleitung-banner.webp\" class=\"img-fluid wp-post-image\" alt=\"\" srcset=\"\/wp-content\/uploads\/2026\/03\/20260216-lgi-erweiterungder-geschaftsleitung-banner.webp 1920w, \/wp-content\/uploads\/2026\/03\/20260216-lgi-erweiterungder-geschaftsleitung-banner-300x109.webp 300w, \/wp-content\/uploads\/2026\/03\/20260216-lgi-erweiterungder-geschaftsleitung-banner-1024x373.webp 1024w, \/wp-content\/uploads\/2026\/03\/20260216-lgi-erweiterungder-geschaftsleitung-banner-768x280.webp 768w, \/wp-content\/uploads\/2026\/03\/20260216-lgi-erweiterungder-geschaftsleitung-banner-1536x560.webp 1536w\" sizes=\"auto, (max-width: 1920px) 100vw, 1920px\" \/>\r\n                                            <\/div>\r\n                                            <div class=\"post-mobile-info wt-post-mobile\">\r\n\t                                                <div class=\"post-top-mobile\">\r\n\t\t                                                <div class=\"date fw-semi-bold\">\r\n\t\t                                                04.03.2026\r\n\t\t                                                <\/div>\r\n\t\t                                                <span class=\"wt-sep-line\">|<\/span>\r\n\t\t                                                <h3 class=\"sub-headline wt-sl\">\r\n\t\t                                                    News\r\n\t\t                                                <\/h3>\r\n\t\t\t\t\t\t\t\t\t\t\t\t\t<\/div>\r\n\t                                                <h3 class=\"headline wt-ht\">\r\n\t                                                    LGI erweitert Gesch\u00e4ftsleitung zum 01.01.2026\r\n\t                                                <\/h3>\r\n\t\t\t\t\t\t\t\t\t\t\t\t<\/div>\r\n                                            <\/div>\r\n                                            <div class=\"post-content p-4\">\r\n                                                \r\n                                                <h3 class=\"sub-headline wt-sl wt-post-desk\">\r\n                                                    News\r\n                                                <\/h3>\r\n                                                <h3 class=\"headline wt-ht wt-post-desk\">\r\n                                                    LGI erweitert Gesch\u00e4ftsleitung zum 01.01.2026\r\n                                                <\/h3>\r\n                                                \r\n                                                <div class=\"post-desc wt-t wt-post-mobile\">\r\n                                                Mit Wirkung zum 01.01.2026 st\u00e4rkt die LGI Logistics Group International GmbH ihre Gesch\u00e4ftsleitung gleich in drei zentralen Bereichen. Neben der bisherigen \u2026\r\n                                                <\/div>\r\n                                                \r\n                                                \r\n\t\t\t\t\t\t\t\t\t\t\t<\/div>\r\n                                        <\/div>\r\n                                        <\/a> \r\n                                        <div class=\"wt-bt d-inline-block\">\r\n                                                    <a href=\"\/de-de\/lgi-erweitert-geschaeftsleitung-zum-01-2026\/\">\r\n                                                        <span class=\"arrow\">\r\n                                                            <span><\/span>\r\n                                                            <span><\/span>\r\n                                                        <\/span>                                                  \r\n                                                    <\/a>                                                \r\n                                                <\/div>\r\n                                    <\/div>\r\n                                \r\n                                    <div class=\"col-12 col-md-6 col-lg-4 post-img\">\r\n\t                                    <a href=\"\/de-de\/strategische-organisationsaenderungen-bei-lgi\/\" class=\"post-ovelay-link\">                                                    \r\n\t                                     \r\n                                        <div class=\"post\">\r\n                                        \t<div class=\"post-thumbnail\">\r\n                                        \t<div class=\"post-thumbnail-layer\">\r\n                                            <img loading=\"lazy\" decoding=\"async\" width=\"1920\" height=\"700\" src=\"\/wp-content\/uploads\/2025\/10\/florian-beck-ceo-lgi-and-martina-weihng-cro-lgi.jpg\" class=\"img-fluid wp-post-image\" alt=\"Florian Beck CEO und Martina Weihing CRO - LGI\" srcset=\"\/wp-content\/uploads\/2025\/10\/florian-beck-ceo-lgi-and-martina-weihng-cro-lgi.jpg 1920w, \/wp-content\/uploads\/2025\/10\/florian-beck-ceo-lgi-and-martina-weihng-cro-lgi-300x109.jpg 300w, \/wp-content\/uploads\/2025\/10\/florian-beck-ceo-lgi-and-martina-weihng-cro-lgi-1024x373.jpg 1024w, \/wp-content\/uploads\/2025\/10\/florian-beck-ceo-lgi-and-martina-weihng-cro-lgi-768x280.jpg 768w, \/wp-content\/uploads\/2025\/10\/florian-beck-ceo-lgi-and-martina-weihng-cro-lgi-1536x560.jpg 1536w\" sizes=\"auto, (max-width: 1920px) 100vw, 1920px\" \/>\r\n                                            <\/div>\r\n                                            <div class=\"post-mobile-info wt-post-mobile\">\r\n\t                                                <div class=\"post-top-mobile\">\r\n\t\t                                                <div class=\"date fw-semi-bold\">\r\n\t\t                                                16.10.2025\r\n\t\t                                                <\/div>\r\n\t\t                                                <span class=\"wt-sep-line\">|<\/span>\r\n\t\t                                                <h3 class=\"sub-headline wt-sl\">\r\n\t\t                                                    Presse\r\n\t\t                                                <\/h3>\r\n\t\t\t\t\t\t\t\t\t\t\t\t\t<\/div>\r\n\t                                                <h3 class=\"headline wt-ht\">\r\n\t                                                    Strategische Organisation-\u00c4nderungen bei LGI\r\n\t                                                <\/h3>\r\n\t\t\t\t\t\t\t\t\t\t\t\t<\/div>\r\n                                            <\/div>\r\n                                            <div class=\"post-content p-4\">\r\n                                                \r\n                                                <h3 class=\"sub-headline wt-sl wt-post-desk\">\r\n                                                    Presse\r\n                                                <\/h3>\r\n                                                <h3 class=\"headline wt-ht wt-post-desk\">\r\n                                                    Strategische Organisation-\u00c4nderungen bei LGI\r\n                                                <\/h3>\r\n                                                \r\n                                                <div class=\"post-desc wt-t wt-post-mobile\">\r\n                                                LGI k\u00fcndigt strategische Organisations\u00e4nderungen zur Verbesserung des Kundenfokus an B\u00f6blingen, 16. Oktober 2025 \u2013 Wir freuen uns, bedeutende strategische \u00c4nderungen bekannt zu geben, die den Kundenfokus und unsere Marktposition st\u00e4rken sollen. Ab dem 1. Oktober 2025 wurde Martina Weihing&#8230;\r\n                                                <\/div>\r\n                                                \r\n                                                \r\n\t\t\t\t\t\t\t\t\t\t\t<\/div>\r\n                                        <\/div>\r\n                                        <\/a> \r\n                                        <div class=\"wt-bt d-inline-block\">\r\n                                                    <a href=\"\/de-de\/strategische-organisationsaenderungen-bei-lgi\/\">\r\n                                                        <span class=\"arrow\">\r\n                                                            <span><\/span>\r\n                                                            <span><\/span>\r\n                                                        <\/span>                                                  \r\n                                                    <\/a>                                                \r\n                                                <\/div>\r\n                                    <\/div>\r\n                                \r\n                                    <div class=\"col-12 col-md-6 col-lg-4 post-img\">\r\n\t                                    <a href=\"\/de-de\/award-as-top-50-europe-based-3pl-provider-in-europe\/\" class=\"post-ovelay-link\">                                                    \r\n\t                                     \r\n                                        <div class=\"post\">\r\n                                        \t<div class=\"post-thumbnail\">\r\n                                        \t<div class=\"post-thumbnail-layer\">\r\n                                            <img loading=\"lazy\" decoding=\"async\" width=\"1920\" height=\"700\" src=\"\/wp-content\/uploads\/2025\/09\/Award-1.jpg\" class=\"img-fluid wp-post-image\" alt=\"silberner Pokal mit blauem Hintergrund\" srcset=\"\/wp-content\/uploads\/2025\/09\/Award-1.jpg 1920w, \/wp-content\/uploads\/2025\/09\/Award-1-300x109.jpg 300w, \/wp-content\/uploads\/2025\/09\/Award-1-1024x373.jpg 1024w, \/wp-content\/uploads\/2025\/09\/Award-1-768x280.jpg 768w, \/wp-content\/uploads\/2025\/09\/Award-1-1536x560.jpg 1536w\" sizes=\"auto, (max-width: 1920px) 100vw, 1920px\" \/>\r\n                                            <\/div>\r\n                                            <div class=\"post-mobile-info wt-post-mobile\">\r\n\t                                                <div class=\"post-top-mobile\">\r\n\t\t                                                <div class=\"date fw-semi-bold\">\r\n\t\t                                                09.09.2025\r\n\t\t                                                <\/div>\r\n\t\t                                                <span class=\"wt-sep-line\">|<\/span>\r\n\t\t                                                <h3 class=\"sub-headline wt-sl\">\r\n\t\t                                                    News\r\n\t\t                                                <\/h3>\r\n\t\t\t\t\t\t\t\t\t\t\t\t\t<\/div>\r\n\t                                                <h3 class=\"headline wt-ht\">\r\n\t                                                    Award as Top 50 Europe-Based 3PL Provider in Europe!\r\n\t                                                <\/h3>\r\n\t\t\t\t\t\t\t\t\t\t\t\t<\/div>\r\n                                            <\/div>\r\n                                            <div class=\"post-content p-4\">\r\n                                                \r\n                                                <h3 class=\"sub-headline wt-sl wt-post-desk\">\r\n                                                    News\r\n                                                <\/h3>\r\n                                                <h3 class=\"headline wt-ht wt-post-desk\">\r\n                                                    Award as Top 50 Europe-Based 3PL Provider in Europe!\r\n                                                <\/h3>\r\n                                                \r\n                                                <div class=\"post-desc wt-t wt-post-mobile\">\r\n                                                Wir sind Top Logistikanbieter in Europa! Wir bei LGI sind stolz darauf, dass wir als Teil der Elanders Gruppe von Armstrong &amp; Associates als einer der Top 50 Logistikanbieter in Europa ausgezeichnet wurden! Diese Anerkennung unterstreicht die St\u00e4rke unseres&#8230;\r\n                                                <\/div>\r\n                                                \r\n                                                \r\n\t\t\t\t\t\t\t\t\t\t\t<\/div>\r\n                                        <\/div>\r\n                                        <\/a> \r\n                                        <div class=\"wt-bt d-inline-block\">\r\n                                                    <a href=\"\/de-de\/award-as-top-50-europe-based-3pl-provider-in-europe\/\">\r\n                                                        <span class=\"arrow\">\r\n                                                            <span><\/span>\r\n                                                            <span><\/span>\r\n                                                        <\/span>                                                  \r\n                                                    <\/a>                                                \r\n                                                <\/div>\r\n                                    <\/div>\r\n                                \r\n                                    <div class=\"col-12 col-md-6 col-lg-4 post-img\">\r\n\t                                    <a href=\"\/de-de\/leadership-transition-at-lgi-group\/\" class=\"post-ovelay-link\">                                                    \r\n\t                                     \r\n                                        <div class=\"post\">\r\n                                        \t<div class=\"post-thumbnail\">\r\n                                        \t<div class=\"post-thumbnail-layer\">\r\n                                            <img loading=\"lazy\" decoding=\"async\" width=\"1920\" height=\"700\" src=\"\/wp-content\/uploads\/2025\/06\/Header-Leadership-Transition-LGILandscape.png\" class=\"img-fluid wp-post-image\" alt=\"Leadership transition LGI\" srcset=\"\/wp-content\/uploads\/2025\/06\/Header-Leadership-Transition-LGILandscape.png 1920w, \/wp-content\/uploads\/2025\/06\/Header-Leadership-Transition-LGILandscape-300x109.png 300w, \/wp-content\/uploads\/2025\/06\/Header-Leadership-Transition-LGILandscape-1024x373.png 1024w, \/wp-content\/uploads\/2025\/06\/Header-Leadership-Transition-LGILandscape-768x280.png 768w, \/wp-content\/uploads\/2025\/06\/Header-Leadership-Transition-LGILandscape-1536x560.png 1536w\" sizes=\"auto, (max-width: 1920px) 100vw, 1920px\" \/>\r\n                                            <\/div>\r\n                                            <div class=\"post-mobile-info wt-post-mobile\">\r\n\t                                                <div class=\"post-top-mobile\">\r\n\t\t                                                <div class=\"date fw-semi-bold\">\r\n\t\t                                                27.06.2025\r\n\t\t                                                <\/div>\r\n\t\t                                                <span class=\"wt-sep-line\">|<\/span>\r\n\t\t                                                <h3 class=\"sub-headline wt-sl\">\r\n\t\t                                                    Presse\r\n\t\t                                                <\/h3>\r\n\t\t\t\t\t\t\t\t\t\t\t\t\t<\/div>\r\n\t                                                <h3 class=\"headline wt-ht\">\r\n\t                                                    F\u00fchrungswechsel bei LGI\r\n\t                                                <\/h3>\r\n\t\t\t\t\t\t\t\t\t\t\t\t<\/div>\r\n                                            <\/div>\r\n                                            <div class=\"post-content p-4\">\r\n                                                \r\n                                                <h3 class=\"sub-headline wt-sl wt-post-desk\">\r\n                                                    Presse\r\n                                                <\/h3>\r\n                                                <h3 class=\"headline wt-ht wt-post-desk\">\r\n                                                    F\u00fchrungswechsel bei LGI\r\n                                                <\/h3>\r\n                                                \r\n                                                <div class=\"post-desc wt-t wt-post-mobile\">\r\n                                                Bernd Schwenger tritt als CEO der LGI zur\u00fcck \u2013 Florian Beck \u00fcbernimmt die Leitung\n\r\n                                                <\/div>\r\n                                                \r\n                                                \r\n\t\t\t\t\t\t\t\t\t\t\t<\/div>\r\n                                        <\/div>\r\n                                        <\/a> \r\n                                        <div class=\"wt-bt d-inline-block\">\r\n                                                    <a href=\"\/de-de\/leadership-transition-at-lgi-group\/\">\r\n                                                        <span class=\"arrow\">\r\n                                                            <span><\/span>\r\n                                                            <span><\/span>\r\n                                                        <\/span>                                                  \r\n                                                    <\/a>                                                \r\n                                                <\/div>\r\n                                    <\/div>\r\n                                \r\n                   \t<\/div>\r\n                   \t<\/div>\r\n                <\/div>\r\n            <\/section>\r\n            \n\n            \r\n        <div class=\"spacing-block large spacing-block-id-69ef5ded6af6e\" >                                     \r\n                  <div class=\"large-space\">   \r\n                  <\/div>                      \r\n        <\/div>\n\n   \r\n    \r\n    <section id=\"Contact-person\" class=\"contact-person-block contact-person-block-id-69ef5ded6b069 encoded-email\" data-idcp=\"6123\" data-mail=\"bWFydGluYV93ZWloaW5nQGxnaS5kZQ==\">\r\n    \r\n        \r\n        <div class=\"contact-person-bg-img-wrapper\">\r\n            <img loading=\"lazy\" decoding=\"async\" width=\"1920\" height=\"500\" src=\"\/wp-content\/uploads\/2023\/01\/lgi-location-holland.jpg\" class=\"img-fluid bg-image\" alt=\"LGI holland building\" srcset=\"\/wp-content\/uploads\/2023\/01\/lgi-location-holland.jpg 1920w, \/wp-content\/uploads\/2023\/01\/lgi-location-holland-300x78.jpg 300w, \/wp-content\/uploads\/2023\/01\/lgi-location-holland-1024x267.jpg 1024w, \/wp-content\/uploads\/2023\/01\/lgi-location-holland-768x200.jpg 768w, \/wp-content\/uploads\/2023\/01\/lgi-location-holland-1536x400.jpg 1536w\" sizes=\"auto, (max-width: 1920px) 100vw, 1920px\" \/>\r\n        <\/div>\r\n        \r\n        <div class=\"container contact-person-content-wrapper\">\r\n            <div class=\"row\">\r\n                <div class=\"col-12 col-lg-6 contact-person-text-wrapper contact-text-align\">\r\n                    <span class=\"wt-bh\">Ihr Kontakt zu LGI<\/span>\r\n                    <span class=\"wt-hl wt-big-string\">Kontaktieren Sie uns <span class='wt-font-color-white'>gerne!<\/span><\/span>\r\n                <\/div>\r\n                <div class=\"col-12 col-lg-6 order-first order-lg-last contact-person-img-wrapper\">\r\n                    <div>\r\n                        <div class=\"contact-person-wrapper contact-person\">\r\n                            <div class=\"d-flex align-items-stretch\">\r\n                                <div class=\"image-section\">\r\n                                    <img loading=\"lazy\" decoding=\"async\" width=\"540\" height=\"500\" src=\"\/wp-content\/uploads\/2023\/01\/lgi-contact-person-weihing-martina.png\" class=\"img-fluid\" alt=\"Martina Weihing - LGI contact person\" srcset=\"\/wp-content\/uploads\/2023\/01\/lgi-contact-person-weihing-martina.png 540w, \/wp-content\/uploads\/2023\/01\/lgi-contact-person-weihing-martina-300x278.png 300w\" sizes=\"auto, (max-width: 540px) 100vw, 540px\" \/>\r\n                                <\/div>\r\n                                <div class=\"pe-3 pe-sm-0 ps-3 ps-xl-3 d-flex flex-column justify-content-end content-section\">\r\n                                    <p class=\"wt-sl\">Ihr Kontakt<\/p>\r\n                                \r\n                                    <p class=\"text-sec wt-text-sec\">\r\n                                        <span>Chief Revenue Officer<\/span><br>\r\n                                         Martina Weihing<br>\r\n                                        <a class=\"wt-k-click-tel\" href=\"tel:+4970312009400\">+49 7031 2009400<\/a><br>\r\n                                        <a class=\"wt-k-click-mail\" href=\"&#109;&#97;&#105;&#108;&#116;&#111;&#58;%6d%61%72%74%69%6e%61%5f%77%65%69%68%69%6e%67@%6c%67%69.%64%65\">&#x6d;&#x61;&#x72;&#x74;&#x69;&#x6e;&#x61;&#x5f;&#x77;&#x65;&#x69;&#x68;&#x69;&#x6e;&#x67;&#x40;&#x6c;&#x67;&#x69;&#x2e;&#x64;&#x65;<\/a>\r\n                                    <\/p>\r\n                                    <div class=\"button-wrapper\">\r\n                                        <div class=\"wt-bt d-none d-sm-block\" data-bs-toggle=\"modal\" data-bs-target=\"#contactModal\">Kontakt aufnehmen<\/div>\r\n                                        <div class=\"d-none d-sm-block \"> <\/div>\r\n                                    <\/div>    \r\n                                <\/div>\r\n                            <\/div>                            \r\n                            <div class=\"button-wrapper\">\r\n                                <div class=\"mt-md-3 pt-3 pb-3 ps-3 pe-3 pt-md-3 d-sm-none\">\r\n                                    <div class=\"wt-bt\" data-bs-toggle=\"modal\" data-bs-target=\"#contactModal\">Kontakt aufnehmen<\/div>\r\n                                    \r\n                                <\/div>\r\n                            <\/div> \r\n                        <\/div>                        \r\n                    <\/div>                    \r\n                <\/div>\r\n            <\/div>\r\n        <\/div>\r\n        \r\n    <\/section>","protected":false},"excerpt":{"rendered":"<p>Das Marktforschungsunternehmen Statista hat im Auftrag des Wochenmagazins Stern (Gruner + Jahr Medien) \u00fcber 43.000 Arbeitnehmerinnen und Arbeitnehmer \u00fcber ihren eigenen Arbeitgeber sowie andere Arbeitgeber innerhalb ihrer Branche befragt. Dabei wurden insgesamt ca. 1 Mio. Urteile ausgewertet. Basierend auf den Ergebnissen der gro\u00dfangelegten Studie wurden diejenigen Arbeitgeber in Deutschland ermittelt, bei denen die Befragten mit [&hellip;]<\/p>\n","protected":false},"author":1,"featured_media":15721,"comment_status":"closed","ping_status":"closed","sticky":false,"template":"","format":"standard","meta":{"footnotes":""},"categories":[39],"tags":[],"class_list":["post-15545","post","type-post","status-publish","format-standard","has-post-thumbnail","hentry","category-news"],"yoast_head":"<!-- This site is optimized with the Yoast SEO plugin v27.3 - https:\/\/yoast.com\/product\/yoast-seo-wordpress\/ -->\n<title>LGI z\u00e4hlt zu Deutschlands besten Arbeitgebern 2023 | LGI Group<\/title>\n<meta name=\"description\" content=\"Die LGI als eines der top 15 Unternehmen im Sektor Transport &amp; Logistik mit dem Siegel \u201eDeutschlands beste Arbeitgeber 2023\u201c ausgezeichnet.\" \/>\n<meta name=\"robots\" content=\"index, follow, max-snippet:-1, max-image-preview:large, max-video-preview:-1\" \/>\n<link rel=\"canonical\" href=\"https:\/\/lgigroup.com\/de-de\/wp-json\/wp\/v2\/posts\/15545\" \/>\n<meta property=\"og:locale\" content=\"de_DE\" \/>\n<meta property=\"og:type\" content=\"article\" \/>\n<meta property=\"og:title\" content=\"LGI z\u00e4hlt zu Deutschlands besten Arbeitgebern 2023 | LGI Group\" \/>\n<meta property=\"og:description\" content=\"Die LGI als eines der top 15 Unternehmen im Sektor Transport &amp; Logistik mit dem Siegel \u201eDeutschlands beste Arbeitgeber 2023\u201c ausgezeichnet.\" \/>\n<meta property=\"og:url\" content=\"https:\/\/lgigroup.com\/de-de\/lgi-zaehlt-zu-deutschlands-besten-arbeitgebern-2023\/\" \/>\n<meta property=\"og:site_name\" content=\"LGI Group\" \/>\n<meta property=\"article:published_time\" content=\"2023-03-29T09:26:28+00:00\" \/>\n<meta property=\"article:modified_time\" content=\"2026-03-30T17:29:46+00:00\" \/>\n<meta property=\"og:image\" content=\"https:\/\/lgigroup.com\/wp-content\/uploads\/2023\/03\/lgi-employer-2023.jpg\" \/>\n\t<meta property=\"og:image:width\" content=\"1920\" \/>\n\t<meta property=\"og:image:height\" content=\"700\" \/>\n\t<meta property=\"og:image:type\" content=\"image\/jpeg\" \/>\n<meta name=\"author\" content=\"WebThinker\" \/>\n<meta name=\"twitter:card\" content=\"summary_large_image\" \/>\n<meta name=\"twitter:label1\" content=\"Written by\" \/>\n\t<meta name=\"twitter:data1\" content=\"WebThinker\" \/>\n\t<meta name=\"twitter:label2\" content=\"Est. reading time\" \/>\n\t<meta name=\"twitter:data2\" content=\"1 minute\" \/>\n<script type=\"application\/ld+json\" class=\"yoast-schema-graph\">{\"@context\":\"https:\\\/\\\/schema.org\",\"@graph\":[{\"@type\":\"Article\",\"@id\":\"https:\\\/\\\/lgigroup.com\\\/de-de\\\/lgi-zaehlt-zu-deutschlands-besten-arbeitgebern-2023\\\/#article\",\"isPartOf\":{\"@id\":\"https:\\\/\\\/lgigroup.com\\\/de-de\\\/lgi-zaehlt-zu-deutschlands-besten-arbeitgebern-2023\\\/\"},\"author\":{\"name\":\"WebThinker\",\"@id\":\"https:\\\/\\\/lgigroup.com\\\/de-de\\\/#\\\/schema\\\/person\\\/57c19e975754025ec3b953f8b668987b\"},\"headline\":\"LGI z\u00e4hlt zu Deutschlands besten Arbeitgebern 2023\",\"datePublished\":\"2023-03-29T09:26:28+00:00\",\"dateModified\":\"2026-03-30T17:29:46+00:00\",\"mainEntityOfPage\":{\"@id\":\"https:\\\/\\\/lgigroup.com\\\/de-de\\\/lgi-zaehlt-zu-deutschlands-besten-arbeitgebern-2023\\\/\"},\"wordCount\":108,\"publisher\":{\"@id\":\"https:\\\/\\\/lgigroup.com\\\/de-de\\\/#organization\"},\"image\":{\"@id\":\"https:\\\/\\\/lgigroup.com\\\/de-de\\\/lgi-zaehlt-zu-deutschlands-besten-arbeitgebern-2023\\\/#primaryimage\"},\"thumbnailUrl\":\"https:\\\/\\\/lgigroup.com\\\/wp-content\\\/uploads\\\/2023\\\/03\\\/lgi-employer-2023.jpg\",\"articleSection\":[\"News\"],\"inLanguage\":\"de-de\"},{\"@type\":\"WebPage\",\"@id\":\"https:\\\/\\\/lgigroup.com\\\/de-de\\\/lgi-zaehlt-zu-deutschlands-besten-arbeitgebern-2023\\\/\",\"url\":\"https:\\\/\\\/lgigroup.com\\\/de-de\\\/lgi-zaehlt-zu-deutschlands-besten-arbeitgebern-2023\\\/\",\"name\":\"LGI z\u00e4hlt zu Deutschlands besten Arbeitgebern 2023 | LGI Group\",\"isPartOf\":{\"@id\":\"https:\\\/\\\/lgigroup.com\\\/de-de\\\/#website\"},\"primaryImageOfPage\":{\"@id\":\"https:\\\/\\\/lgigroup.com\\\/de-de\\\/lgi-zaehlt-zu-deutschlands-besten-arbeitgebern-2023\\\/#primaryimage\"},\"image\":{\"@id\":\"https:\\\/\\\/lgigroup.com\\\/de-de\\\/lgi-zaehlt-zu-deutschlands-besten-arbeitgebern-2023\\\/#primaryimage\"},\"thumbnailUrl\":\"https:\\\/\\\/lgigroup.com\\\/wp-content\\\/uploads\\\/2023\\\/03\\\/lgi-employer-2023.jpg\",\"datePublished\":\"2023-03-29T09:26:28+00:00\",\"dateModified\":\"2026-03-30T17:29:46+00:00\",\"description\":\"Die LGI als eines der top 15 Unternehmen im Sektor Transport & Logistik mit dem Siegel \u201eDeutschlands beste Arbeitgeber 2023\u201c ausgezeichnet.\",\"breadcrumb\":{\"@id\":\"https:\\\/\\\/lgigroup.com\\\/de-de\\\/lgi-zaehlt-zu-deutschlands-besten-arbeitgebern-2023\\\/#breadcrumb\"},\"inLanguage\":\"de-de\",\"potentialAction\":[{\"@type\":\"ReadAction\",\"target\":[\"https:\\\/\\\/lgigroup.com\\\/de-de\\\/lgi-zaehlt-zu-deutschlands-besten-arbeitgebern-2023\\\/\"]}]},{\"@type\":\"ImageObject\",\"inLanguage\":\"de-de\",\"@id\":\"https:\\\/\\\/lgigroup.com\\\/de-de\\\/lgi-zaehlt-zu-deutschlands-besten-arbeitgebern-2023\\\/#primaryimage\",\"url\":\"https:\\\/\\\/lgigroup.com\\\/wp-content\\\/uploads\\\/2023\\\/03\\\/lgi-employer-2023.jpg\",\"contentUrl\":\"https:\\\/\\\/lgigroup.com\\\/wp-content\\\/uploads\\\/2023\\\/03\\\/lgi-employer-2023.jpg\",\"width\":1920,\"height\":700,\"caption\":\"LGI Arbeiter mit Stern-Siegel f\u00fcr Arbeitgeber 2023\"},{\"@type\":\"BreadcrumbList\",\"@id\":\"https:\\\/\\\/lgigroup.com\\\/de-de\\\/lgi-zaehlt-zu-deutschlands-besten-arbeitgebern-2023\\\/#breadcrumb\",\"itemListElement\":[{\"@type\":\"ListItem\",\"position\":1,\"name\":\"Startseite\",\"item\":\"https:\\\/\\\/lgigroup.com\\\/de-de\\\/\"},{\"@type\":\"ListItem\",\"position\":2,\"name\":\"LGI z\u00e4hlt zu Deutschlands besten Arbeitgebern 2023\"}]},{\"@type\":\"WebSite\",\"@id\":\"https:\\\/\\\/lgigroup.com\\\/de-de\\\/#website\",\"url\":\"https:\\\/\\\/lgigroup.com\\\/de-de\\\/\",\"name\":\"LGI Group\",\"description\":\"\",\"publisher\":{\"@id\":\"https:\\\/\\\/lgigroup.com\\\/de-de\\\/#organization\"},\"potentialAction\":[{\"@type\":\"SearchAction\",\"target\":{\"@type\":\"EntryPoint\",\"urlTemplate\":\"https:\\\/\\\/lgigroup.com\\\/de-de\\\/?s={search_term_string}\"},\"query-input\":{\"@type\":\"PropertyValueSpecification\",\"valueRequired\":true,\"valueName\":\"search_term_string\"}}],\"inLanguage\":\"de-de\"},{\"@type\":\"Organization\",\"@id\":\"https:\\\/\\\/lgigroup.com\\\/de-de\\\/#organization\",\"name\":\"LGI GmbH\",\"url\":\"https:\\\/\\\/lgigroup.com\\\/de-de\\\/\",\"logo\":{\"@type\":\"ImageObject\",\"inLanguage\":\"de-de\",\"@id\":\"https:\\\/\\\/lgigroup.com\\\/de-de\\\/#\\\/schema\\\/logo\\\/image\\\/\",\"url\":\"https:\\\/\\\/lgigroup.com\\\/wp-content\\\/uploads\\\/2023\\\/01\\\/lgi-logo.png\",\"contentUrl\":\"https:\\\/\\\/lgigroup.com\\\/wp-content\\\/uploads\\\/2023\\\/01\\\/lgi-logo.png\",\"width\":420,\"height\":200,\"caption\":\"LGI GmbH\"},\"image\":{\"@id\":\"https:\\\/\\\/lgigroup.com\\\/de-de\\\/#\\\/schema\\\/logo\\\/image\\\/\"}},{\"@type\":\"Person\",\"@id\":\"https:\\\/\\\/lgigroup.com\\\/de-de\\\/#\\\/schema\\\/person\\\/57c19e975754025ec3b953f8b668987b\",\"name\":\"WebThinker\",\"sameAs\":[\"https:\\\/\\\/lgigroup.com\"]}]}<\/script>\n<!-- \/ Yoast SEO plugin. -->","yoast_head_json":{"title":"LGI z\u00e4hlt zu Deutschlands besten Arbeitgebern 2023 | LGI Group","description":"Die LGI als eines der top 15 Unternehmen im Sektor Transport & Logistik mit dem Siegel \u201eDeutschlands beste Arbeitgeber 2023\u201c ausgezeichnet.","robots":{"index":"index","follow":"follow","max-snippet":"max-snippet:-1","max-image-preview":"max-image-preview:large","max-video-preview":"max-video-preview:-1"},"canonical":"https:\/\/lgigroup.com\/de-de\/wp-json\/wp\/v2\/posts\/15545","og_locale":"de_DE","og_type":"article","og_title":"LGI z\u00e4hlt zu Deutschlands besten Arbeitgebern 2023 | LGI Group","og_description":"Die LGI als eines der top 15 Unternehmen im Sektor Transport & Logistik mit dem Siegel \u201eDeutschlands beste Arbeitgeber 2023\u201c ausgezeichnet.","og_url":"https:\/\/lgigroup.com\/de-de\/lgi-zaehlt-zu-deutschlands-besten-arbeitgebern-2023\/","og_site_name":"LGI Group","article_published_time":"2023-03-29T09:26:28+00:00","article_modified_time":"2026-03-30T17:29:46+00:00","og_image":[{"width":1920,"height":700,"url":"https:\/\/lgigroup.com\/wp-content\/uploads\/2023\/03\/lgi-employer-2023.jpg","type":"image\/jpeg"}],"author":"WebThinker","twitter_card":"summary_large_image","twitter_misc":{"Written by":"WebThinker","Est. reading time":"1 minute"},"schema":{"@context":"https:\/\/schema.org","@graph":[{"@type":"Article","@id":"https:\/\/lgigroup.com\/de-de\/lgi-zaehlt-zu-deutschlands-besten-arbeitgebern-2023\/#article","isPartOf":{"@id":"https:\/\/lgigroup.com\/de-de\/lgi-zaehlt-zu-deutschlands-besten-arbeitgebern-2023\/"},"author":{"name":"WebThinker","@id":"https:\/\/lgigroup.com\/de-de\/#\/schema\/person\/57c19e975754025ec3b953f8b668987b"},"headline":"LGI z\u00e4hlt zu Deutschlands besten Arbeitgebern 2023","datePublished":"2023-03-29T09:26:28+00:00","dateModified":"2026-03-30T17:29:46+00:00","mainEntityOfPage":{"@id":"https:\/\/lgigroup.com\/de-de\/lgi-zaehlt-zu-deutschlands-besten-arbeitgebern-2023\/"},"wordCount":108,"publisher":{"@id":"https:\/\/lgigroup.com\/de-de\/#organization"},"image":{"@id":"https:\/\/lgigroup.com\/de-de\/lgi-zaehlt-zu-deutschlands-besten-arbeitgebern-2023\/#primaryimage"},"thumbnailUrl":"https:\/\/lgigroup.com\/wp-content\/uploads\/2023\/03\/lgi-employer-2023.jpg","articleSection":["News"],"inLanguage":"de-de"},{"@type":"WebPage","@id":"https:\/\/lgigroup.com\/de-de\/lgi-zaehlt-zu-deutschlands-besten-arbeitgebern-2023\/","url":"https:\/\/lgigroup.com\/de-de\/lgi-zaehlt-zu-deutschlands-besten-arbeitgebern-2023\/","name":"LGI z\u00e4hlt zu Deutschlands besten Arbeitgebern 2023 | LGI Group","isPartOf":{"@id":"https:\/\/lgigroup.com\/de-de\/#website"},"primaryImageOfPage":{"@id":"https:\/\/lgigroup.com\/de-de\/lgi-zaehlt-zu-deutschlands-besten-arbeitgebern-2023\/#primaryimage"},"image":{"@id":"https:\/\/lgigroup.com\/de-de\/lgi-zaehlt-zu-deutschlands-besten-arbeitgebern-2023\/#primaryimage"},"thumbnailUrl":"https:\/\/lgigroup.com\/wp-content\/uploads\/2023\/03\/lgi-employer-2023.jpg","datePublished":"2023-03-29T09:26:28+00:00","dateModified":"2026-03-30T17:29:46+00:00","description":"Die LGI als eines der top 15 Unternehmen im Sektor Transport & Logistik mit dem Siegel \u201eDeutschlands beste Arbeitgeber 2023\u201c ausgezeichnet.","breadcrumb":{"@id":"https:\/\/lgigroup.com\/de-de\/lgi-zaehlt-zu-deutschlands-besten-arbeitgebern-2023\/#breadcrumb"},"inLanguage":"de-de","potentialAction":[{"@type":"ReadAction","target":["https:\/\/lgigroup.com\/de-de\/lgi-zaehlt-zu-deutschlands-besten-arbeitgebern-2023\/"]}]},{"@type":"ImageObject","inLanguage":"de-de","@id":"https:\/\/lgigroup.com\/de-de\/lgi-zaehlt-zu-deutschlands-besten-arbeitgebern-2023\/#primaryimage","url":"https:\/\/lgigroup.com\/wp-content\/uploads\/2023\/03\/lgi-employer-2023.jpg","contentUrl":"https:\/\/lgigroup.com\/wp-content\/uploads\/2023\/03\/lgi-employer-2023.jpg","width":1920,"height":700,"caption":"LGI Arbeiter mit Stern-Siegel f\u00fcr Arbeitgeber 2023"},{"@type":"BreadcrumbList","@id":"https:\/\/lgigroup.com\/de-de\/lgi-zaehlt-zu-deutschlands-besten-arbeitgebern-2023\/#breadcrumb","itemListElement":[{"@type":"ListItem","position":1,"name":"Startseite","item":"https:\/\/lgigroup.com\/de-de\/"},{"@type":"ListItem","position":2,"name":"LGI z\u00e4hlt zu Deutschlands besten Arbeitgebern 2023"}]},{"@type":"WebSite","@id":"https:\/\/lgigroup.com\/de-de\/#website","url":"https:\/\/lgigroup.com\/de-de\/","name":"LGI Group","description":"","publisher":{"@id":"https:\/\/lgigroup.com\/de-de\/#organization"},"potentialAction":[{"@type":"SearchAction","target":{"@type":"EntryPoint","urlTemplate":"https:\/\/lgigroup.com\/de-de\/?s={search_term_string}"},"query-input":{"@type":"PropertyValueSpecification","valueRequired":true,"valueName":"search_term_string"}}],"inLanguage":"de-de"},{"@type":"Organization","@id":"https:\/\/lgigroup.com\/de-de\/#organization","name":"LGI GmbH","url":"https:\/\/lgigroup.com\/de-de\/","logo":{"@type":"ImageObject","inLanguage":"de-de","@id":"https:\/\/lgigroup.com\/de-de\/#\/schema\/logo\/image\/","url":"https:\/\/lgigroup.com\/wp-content\/uploads\/2023\/01\/lgi-logo.png","contentUrl":"https:\/\/lgigroup.com\/wp-content\/uploads\/2023\/01\/lgi-logo.png","width":420,"height":200,"caption":"LGI GmbH"},"image":{"@id":"https:\/\/lgigroup.com\/de-de\/#\/schema\/logo\/image\/"}},{"@type":"Person","@id":"https:\/\/lgigroup.com\/de-de\/#\/schema\/person\/57c19e975754025ec3b953f8b668987b","name":"WebThinker","sameAs":["https:\/\/lgigroup.com"]}]}},"_links":{"self":[{"href":"https:\/\/lgigroup.com\/de-de\/wp-json\/wp\/v2\/posts\/15545","targetHints":{"allow":["GET"]}}],"collection":[{"href":"https:\/\/lgigroup.com\/de-de\/wp-json\/wp\/v2\/posts"}],"about":[{"href":"https:\/\/lgigroup.com\/de-de\/wp-json\/wp\/v2\/types\/post"}],"author":[{"embeddable":true,"href":"https:\/\/lgigroup.com\/de-de\/wp-json\/wp\/v2\/users\/1"}],"replies":[{"embeddable":true,"href":"https:\/\/lgigroup.com\/de-de\/wp-json\/wp\/v2\/comments?post=15545"}],"version-history":[{"count":7,"href":"https:\/\/lgigroup.com\/de-de\/wp-json\/wp\/v2\/posts\/15545\/revisions"}],"predecessor-version":[{"id":30343,"href":"https:\/\/lgigroup.com\/de-de\/wp-json\/wp\/v2\/posts\/15545\/revisions\/30343"}],"wp:featuredmedia":[{"embeddable":true,"href":"https:\/\/lgigroup.com\/de-de\/wp-json\/wp\/v2\/media\/15721"}],"wp:attachment":[{"href":"https:\/\/lgigroup.com\/de-de\/wp-json\/wp\/v2\/media?parent=15545"}],"wp:term":[{"taxonomy":"category","embeddable":true,"href":"https:\/\/lgigroup.com\/de-de\/wp-json\/wp\/v2\/categories?post=15545"},{"taxonomy":"post_tag","embeddable":true,"href":"https:\/\/lgigroup.com\/de-de\/wp-json\/wp\/v2\/tags?post=15545"}],"curies":[{"name":"wp","href":"https:\/\/api.w.org\/{rel}","templated":true}]}}