{"id":24627,"date":"2024-08-29T08:00:00","date_gmt":"2024-08-29T06:00:00","guid":{"rendered":"https:\/\/lgigroup.com\/?p=24627"},"modified":"2026-03-30T19:30:47","modified_gmt":"2026-03-30T17:30:47","slug":"lgi-hauptverwaltung-ist-umgezogen","status":"publish","type":"post","link":"https:\/\/lgigroup.com\/de-de\/lgi-hauptverwaltung-ist-umgezogen\/","title":{"rendered":"LGI Hauptverwaltung ist umgezogen"},"content":{"rendered":"\n<div class=\"wp-block-group container\"><div class=\"wp-block-group__inner-container is-layout-constrained wp-block-group-is-layout-constrained\">\n<p>Zur\u00fcck zu den Wurzeln: <strong>Die Hauptverwaltung der LGI-Gruppe ist nach B\u00f6blingen umgezogen<\/strong>, wo unsere Historie 1995 mit der Ausgr\u00fcndung aus Hewlett-Packard begann. Wir haben moderne und perfekt auf unsere Bed\u00fcrfnisse zugeschnitten R\u00e4umlichkeiten bezogen, die ein inspirierendes und kollaboratives Arbeitsumfeld schaffen, in dem die Teamarbeit im Mittelpunkt steht.<\/p>\n\n\n\n<p><strong>Sie erreichen uns ab sofort unter der neuen Adresse und Telefonnummer<\/strong><br>Konrad-Zuse-Str. 10, 71034 B\u00f6blingen<br><a href=\"tel:+49703120090\" target=\"_blank\" rel=\"noreferrer noopener\">+49 (0) 7031 2009-0<\/a><\/p>\n\n\n\n<p>Die <strong>neue Telefon-Durchwahlnummer erfragen Sie bitte bei Ihrer Kontaktperson<\/strong> oder entnehmen diese der E-Mail Signatur. F\u00fcr die bisherigen alten Telefonnummern ist bis Ende 2024 eine Weiterleitung geschaltet. Unsere E-Mail-Adressen bleiben unver\u00e4ndert. Der Logistik-Standort in Herrenberg ist vom Umzug nicht betroffen und bleibt dort bestehen.<\/p>\n<\/div><\/div>\n\n\n            \r\n        <div class=\"spacing-block large spacing-block-id-69ee01990cf00\" >                                     \r\n                  <div class=\"large-space\">   \r\n                  <\/div>                      \r\n        <\/div>\n\n            \r\n        <div class=\"spacing-block doublesmall spacing-block-id-69ee01990cfd5\" >                                     \r\n                  <div class=\"double-small-space\">   \r\n                  <\/div>                      \r\n        <\/div>\n\n\r\n    \r\n    <section class=\"back-button-block op-2\">\r\n        \r\n        <div class=\"container\">\r\n            <div class=\"row my-5\">\r\n                <div class=\"col-12\">\r\n                    <div class=\"back-button-wrapper\">\r\n                        \r\n                        <a href=\"\/de-de\/datensicherheit-wird-immer-wichtiger\/\" class=\"wt-bt wt-unset-animation\">\r\n                            <span class=\"arrow\">\r\n                                <span><\/span>\r\n                                <span><\/span>\r\n                            <\/span>\r\n                            \r\n                            <span class=\"prev\">Vorheriger<\/span>\r\n                        <\/a>     \r\n            \r\n                        \r\n                        <a href=\"\/de-de\/\/lgi-group\/newsroom\/\" class=\"wt-unset-animation\">\r\n                            <div class=\"wt-bt-t\">\r\n                                <svg>\r\n                                    <rect x=\"0\" y=\"0\" fill=\"none\" width=\"100%\" height=\"100%\"><\/rect>\r\n                                <\/svg>\r\n                                \r\n                                <span class=\"arrow\">\r\n                                    <span><\/span>\r\n                                    <span><\/span>\r\n                                <\/span>\r\n                                \r\n                                <span>Zum Newsroom<\/span>\r\n                            <\/div>\r\n                        <\/a>  \r\n                        \r\n                       \r\n                        <a href=\"\/de-de\/neuer-standort-im-grossraum-berlin\/\" class=\"wt-bt wt-bt-revers wt-unset-animation\">\r\n                            <span class=\"prev\">N\u00e4chster<\/span>\r\n                            \r\n                            <span class=\"arrow arrow-revers\">\r\n                                <span><\/span>\r\n                                <span><\/span>\r\n                            <\/span>\r\n                        <\/a>     \r\n            \r\n                                         \r\n                    <\/div>\r\n                <\/div>\r\n            <\/div>\r\n        <\/div>        \r\n        \r\n    <\/section>\n\n            \r\n        <div class=\"spacing-block large spacing-block-id-69ee01990e17d\" >                                     \r\n                  <div class=\"large-space\">   \r\n                  <\/div>                      \r\n        <\/div>\n\n\r\n            <section class=\"more-news-block news-block-header xx-27422\">\r\n                <div class=\"container\">\r\n                    \r\n                <\/div>\r\n            <\/section>\r\n\r\n            <section class=\"news-block-wrapper\">\r\n                <div class=\"container\">\r\n                \t<div class=\"row newsPost justify-content-center\">\r\n                \t<div class=\"newsPost-slider\">                \t\r\n                    \r\n                                    <div class=\"col-12 col-md-6 col-lg-4 post-img\">\r\n\t                                    <a href=\"\/de-de\/lgi-erweitert-geschaeftsleitung-zum-01-2026\/\" class=\"post-ovelay-link\">                                                    \r\n\t                                     \r\n                                        <div class=\"post\">\r\n                                        \t<div class=\"post-thumbnail\">\r\n                                        \t<div class=\"post-thumbnail-layer\">\r\n                                            <img loading=\"lazy\" decoding=\"async\" width=\"1920\" height=\"700\" src=\"\/wp-content\/uploads\/2026\/03\/20260216-lgi-erweiterungder-geschaftsleitung-banner.webp\" class=\"img-fluid wp-post-image\" alt=\"\" srcset=\"\/wp-content\/uploads\/2026\/03\/20260216-lgi-erweiterungder-geschaftsleitung-banner.webp 1920w, \/wp-content\/uploads\/2026\/03\/20260216-lgi-erweiterungder-geschaftsleitung-banner-300x109.webp 300w, \/wp-content\/uploads\/2026\/03\/20260216-lgi-erweiterungder-geschaftsleitung-banner-1024x373.webp 1024w, \/wp-content\/uploads\/2026\/03\/20260216-lgi-erweiterungder-geschaftsleitung-banner-768x280.webp 768w, \/wp-content\/uploads\/2026\/03\/20260216-lgi-erweiterungder-geschaftsleitung-banner-1536x560.webp 1536w\" sizes=\"auto, (max-width: 1920px) 100vw, 1920px\" \/>\r\n                                            <\/div>\r\n                                            <div class=\"post-mobile-info wt-post-mobile\">\r\n\t                                                <div class=\"post-top-mobile\">\r\n\t\t                                                <div class=\"date fw-semi-bold\">\r\n\t\t                                                04.03.2026\r\n\t\t                                                <\/div>\r\n\t\t                                                <span class=\"wt-sep-line\">|<\/span>\r\n\t\t                                                <h3 class=\"sub-headline wt-sl\">\r\n\t\t                                                    News\r\n\t\t                                                <\/h3>\r\n\t\t\t\t\t\t\t\t\t\t\t\t\t<\/div>\r\n\t                                                <h3 class=\"headline wt-ht\">\r\n\t                                                    LGI erweitert Gesch\u00e4ftsleitung zum 01.01.2026\r\n\t                                                <\/h3>\r\n\t\t\t\t\t\t\t\t\t\t\t\t<\/div>\r\n                                            <\/div>\r\n                                            <div class=\"post-content p-4\">\r\n                                                \r\n                                                <h3 class=\"sub-headline wt-sl wt-post-desk\">\r\n                                                    News\r\n                                                <\/h3>\r\n                                                <h3 class=\"headline wt-ht wt-post-desk\">\r\n                                                    LGI erweitert Gesch\u00e4ftsleitung zum 01.01.2026\r\n                                                <\/h3>\r\n                                                \r\n                                                <div class=\"post-desc wt-t wt-post-mobile\">\r\n                                                Mit Wirkung zum 01.01.2026 st\u00e4rkt die LGI Logistics Group International GmbH ihre Gesch\u00e4ftsleitung gleich in drei zentralen Bereichen. Neben der bisherigen \u2026\r\n                                                <\/div>\r\n                                                \r\n                                                \r\n\t\t\t\t\t\t\t\t\t\t\t<\/div>\r\n                                        <\/div>\r\n                                        <\/a> \r\n                                        <div class=\"wt-bt d-inline-block\">\r\n                                                    <a href=\"\/de-de\/lgi-erweitert-geschaeftsleitung-zum-01-2026\/\">\r\n                                                        <span class=\"arrow\">\r\n                                                            <span><\/span>\r\n                                                            <span><\/span>\r\n                                                        <\/span>                                                  \r\n                                                    <\/a>                                                \r\n                                                <\/div>\r\n                                    <\/div>\r\n                                \r\n                                    <div class=\"col-12 col-md-6 col-lg-4 post-img\">\r\n\t                                    <a href=\"\/de-de\/strategische-organisationsaenderungen-bei-lgi\/\" class=\"post-ovelay-link\">                                                    \r\n\t                                     \r\n                                        <div class=\"post\">\r\n                                        \t<div class=\"post-thumbnail\">\r\n                                        \t<div class=\"post-thumbnail-layer\">\r\n                                            <img loading=\"lazy\" decoding=\"async\" width=\"1920\" height=\"700\" src=\"\/wp-content\/uploads\/2025\/10\/florian-beck-ceo-lgi-and-martina-weihng-cro-lgi.jpg\" class=\"img-fluid wp-post-image\" alt=\"Florian Beck CEO und Martina Weihing CRO - LGI\" srcset=\"\/wp-content\/uploads\/2025\/10\/florian-beck-ceo-lgi-and-martina-weihng-cro-lgi.jpg 1920w, \/wp-content\/uploads\/2025\/10\/florian-beck-ceo-lgi-and-martina-weihng-cro-lgi-300x109.jpg 300w, \/wp-content\/uploads\/2025\/10\/florian-beck-ceo-lgi-and-martina-weihng-cro-lgi-1024x373.jpg 1024w, \/wp-content\/uploads\/2025\/10\/florian-beck-ceo-lgi-and-martina-weihng-cro-lgi-768x280.jpg 768w, \/wp-content\/uploads\/2025\/10\/florian-beck-ceo-lgi-and-martina-weihng-cro-lgi-1536x560.jpg 1536w\" sizes=\"auto, (max-width: 1920px) 100vw, 1920px\" \/>\r\n                                            <\/div>\r\n                                            <div class=\"post-mobile-info wt-post-mobile\">\r\n\t                                                <div class=\"post-top-mobile\">\r\n\t\t                                                <div class=\"date fw-semi-bold\">\r\n\t\t                                                16.10.2025\r\n\t\t                                                <\/div>\r\n\t\t                                                <span class=\"wt-sep-line\">|<\/span>\r\n\t\t                                                <h3 class=\"sub-headline wt-sl\">\r\n\t\t                                                    Presse\r\n\t\t                                                <\/h3>\r\n\t\t\t\t\t\t\t\t\t\t\t\t\t<\/div>\r\n\t                                                <h3 class=\"headline wt-ht\">\r\n\t                                                    Strategische Organisation-\u00c4nderungen bei LGI\r\n\t                                                <\/h3>\r\n\t\t\t\t\t\t\t\t\t\t\t\t<\/div>\r\n                                            <\/div>\r\n                                            <div class=\"post-content p-4\">\r\n                                                \r\n                                                <h3 class=\"sub-headline wt-sl wt-post-desk\">\r\n                                                    Presse\r\n                                                <\/h3>\r\n                                                <h3 class=\"headline wt-ht wt-post-desk\">\r\n                                                    Strategische Organisation-\u00c4nderungen bei LGI\r\n                                                <\/h3>\r\n                                                \r\n                                                <div class=\"post-desc wt-t wt-post-mobile\">\r\n                                                LGI k\u00fcndigt strategische Organisations\u00e4nderungen zur Verbesserung des Kundenfokus an B\u00f6blingen, 16. Oktober 2025 \u2013 Wir freuen uns, bedeutende strategische \u00c4nderungen bekannt zu geben, die den Kundenfokus und unsere Marktposition st\u00e4rken sollen. Ab dem 1. Oktober 2025 wurde Martina Weihing&#8230;\r\n                                                <\/div>\r\n                                                \r\n                                                \r\n\t\t\t\t\t\t\t\t\t\t\t<\/div>\r\n                                        <\/div>\r\n                                        <\/a> \r\n                                        <div class=\"wt-bt d-inline-block\">\r\n                                                    <a href=\"\/de-de\/strategische-organisationsaenderungen-bei-lgi\/\">\r\n                                                        <span class=\"arrow\">\r\n                                                            <span><\/span>\r\n                                                            <span><\/span>\r\n                                                        <\/span>                                                  \r\n                                                    <\/a>                                                \r\n                                                <\/div>\r\n                                    <\/div>\r\n                                \r\n                                    <div class=\"col-12 col-md-6 col-lg-4 post-img\">\r\n\t                                    <a href=\"\/de-de\/award-as-top-50-europe-based-3pl-provider-in-europe\/\" class=\"post-ovelay-link\">                                                    \r\n\t                                     \r\n                                        <div class=\"post\">\r\n                                        \t<div class=\"post-thumbnail\">\r\n                                        \t<div class=\"post-thumbnail-layer\">\r\n                                            <img loading=\"lazy\" decoding=\"async\" width=\"1920\" height=\"700\" src=\"\/wp-content\/uploads\/2025\/09\/Award-1.jpg\" class=\"img-fluid wp-post-image\" alt=\"silberner Pokal mit blauem Hintergrund\" srcset=\"\/wp-content\/uploads\/2025\/09\/Award-1.jpg 1920w, \/wp-content\/uploads\/2025\/09\/Award-1-300x109.jpg 300w, \/wp-content\/uploads\/2025\/09\/Award-1-1024x373.jpg 1024w, \/wp-content\/uploads\/2025\/09\/Award-1-768x280.jpg 768w, \/wp-content\/uploads\/2025\/09\/Award-1-1536x560.jpg 1536w\" sizes=\"auto, (max-width: 1920px) 100vw, 1920px\" \/>\r\n                                            <\/div>\r\n                                            <div class=\"post-mobile-info wt-post-mobile\">\r\n\t                                                <div class=\"post-top-mobile\">\r\n\t\t                                                <div class=\"date fw-semi-bold\">\r\n\t\t                                                09.09.2025\r\n\t\t                                                <\/div>\r\n\t\t                                                <span class=\"wt-sep-line\">|<\/span>\r\n\t\t                                                <h3 class=\"sub-headline wt-sl\">\r\n\t\t                                                    News\r\n\t\t                                                <\/h3>\r\n\t\t\t\t\t\t\t\t\t\t\t\t\t<\/div>\r\n\t                                                <h3 class=\"headline wt-ht\">\r\n\t                                                    Award as Top 50 Europe-Based 3PL Provider in Europe!\r\n\t                                                <\/h3>\r\n\t\t\t\t\t\t\t\t\t\t\t\t<\/div>\r\n                                            <\/div>\r\n                                            <div class=\"post-content p-4\">\r\n                                                \r\n                                                <h3 class=\"sub-headline wt-sl wt-post-desk\">\r\n                                                    News\r\n                                                <\/h3>\r\n                                                <h3 class=\"headline wt-ht wt-post-desk\">\r\n                                                    Award as Top 50 Europe-Based 3PL Provider in Europe!\r\n                                                <\/h3>\r\n                                                \r\n                                                <div class=\"post-desc wt-t wt-post-mobile\">\r\n                                                Wir sind Top Logistikanbieter in Europa! Wir bei LGI sind stolz darauf, dass wir als Teil der Elanders Gruppe von Armstrong &amp; Associates als einer der Top 50 Logistikanbieter in Europa ausgezeichnet wurden! Diese Anerkennung unterstreicht die St\u00e4rke unseres&#8230;\r\n                                                <\/div>\r\n                                                \r\n                                                \r\n\t\t\t\t\t\t\t\t\t\t\t<\/div>\r\n                                        <\/div>\r\n                                        <\/a> \r\n                                        <div class=\"wt-bt d-inline-block\">\r\n                                                    <a href=\"\/de-de\/award-as-top-50-europe-based-3pl-provider-in-europe\/\">\r\n                                                        <span class=\"arrow\">\r\n                                                            <span><\/span>\r\n                                                            <span><\/span>\r\n                                                        <\/span>                                                  \r\n                                                    <\/a>                                                \r\n                                                <\/div>\r\n                                    <\/div>\r\n                                \r\n                                    <div class=\"col-12 col-md-6 col-lg-4 post-img\">\r\n\t                                    <a href=\"\/de-de\/leadership-transition-at-lgi-group\/\" class=\"post-ovelay-link\">                                                    \r\n\t                                     \r\n                                        <div class=\"post\">\r\n                                        \t<div class=\"post-thumbnail\">\r\n                                        \t<div class=\"post-thumbnail-layer\">\r\n                                            <img loading=\"lazy\" decoding=\"async\" width=\"1920\" height=\"700\" src=\"\/wp-content\/uploads\/2025\/06\/Header-Leadership-Transition-LGILandscape.png\" class=\"img-fluid wp-post-image\" alt=\"Leadership transition LGI\" srcset=\"\/wp-content\/uploads\/2025\/06\/Header-Leadership-Transition-LGILandscape.png 1920w, \/wp-content\/uploads\/2025\/06\/Header-Leadership-Transition-LGILandscape-300x109.png 300w, \/wp-content\/uploads\/2025\/06\/Header-Leadership-Transition-LGILandscape-1024x373.png 1024w, \/wp-content\/uploads\/2025\/06\/Header-Leadership-Transition-LGILandscape-768x280.png 768w, \/wp-content\/uploads\/2025\/06\/Header-Leadership-Transition-LGILandscape-1536x560.png 1536w\" sizes=\"auto, (max-width: 1920px) 100vw, 1920px\" \/>\r\n                                            <\/div>\r\n                                            <div class=\"post-mobile-info wt-post-mobile\">\r\n\t                                                <div class=\"post-top-mobile\">\r\n\t\t                                                <div class=\"date fw-semi-bold\">\r\n\t\t                                                27.06.2025\r\n\t\t                                                <\/div>\r\n\t\t                                                <span class=\"wt-sep-line\">|<\/span>\r\n\t\t                                                <h3 class=\"sub-headline wt-sl\">\r\n\t\t                                                    Presse\r\n\t\t                                                <\/h3>\r\n\t\t\t\t\t\t\t\t\t\t\t\t\t<\/div>\r\n\t                                                <h3 class=\"headline wt-ht\">\r\n\t                                                    F\u00fchrungswechsel bei LGI\r\n\t                                                <\/h3>\r\n\t\t\t\t\t\t\t\t\t\t\t\t<\/div>\r\n                                            <\/div>\r\n                                            <div class=\"post-content p-4\">\r\n                                                \r\n                                                <h3 class=\"sub-headline wt-sl wt-post-desk\">\r\n                                                    Presse\r\n                                                <\/h3>\r\n                                                <h3 class=\"headline wt-ht wt-post-desk\">\r\n                                                    F\u00fchrungswechsel bei LGI\r\n                                                <\/h3>\r\n                                                \r\n                                                <div class=\"post-desc wt-t wt-post-mobile\">\r\n                                                Bernd Schwenger tritt als CEO der LGI zur\u00fcck \u2013 Florian Beck \u00fcbernimmt die Leitung\n\r\n                                                <\/div>\r\n                                                \r\n                                                \r\n\t\t\t\t\t\t\t\t\t\t\t<\/div>\r\n                                        <\/div>\r\n                                        <\/a> \r\n                                        <div class=\"wt-bt d-inline-block\">\r\n                                                    <a href=\"\/de-de\/leadership-transition-at-lgi-group\/\">\r\n                                                        <span class=\"arrow\">\r\n                                                            <span><\/span>\r\n                                                            <span><\/span>\r\n                                                        <\/span>                                                  \r\n                                                    <\/a>                                                \r\n                                                <\/div>\r\n                                    <\/div>\r\n                                \r\n                   \t<\/div>\r\n                   \t<\/div>\r\n                <\/div>\r\n            <\/section>\r\n            \n\n            \r\n        <div class=\"spacing-block large spacing-block-id-69ee0199127c3\" >                                     \r\n                  <div class=\"large-space\">   \r\n                  <\/div>                      \r\n        <\/div>\n\n   \r\n    \r\n    <section id=\"Contact-person\" class=\"contact-person-block contact-person-block-id-69ee01991288f encoded-email\" data-idcp=\"6123\" data-mail=\"bWFydGluYV93ZWloaW5nQGxnaS5kZQ==\">\r\n    \r\n        \r\n        <div class=\"contact-person-bg-img-wrapper\">\r\n            <img loading=\"lazy\" decoding=\"async\" width=\"1920\" height=\"500\" src=\"\/wp-content\/uploads\/2023\/03\/lgi-location-holland.jpg\" class=\"img-fluid bg-image\" alt=\"Location holland | LGI\" srcset=\"\/wp-content\/uploads\/2023\/03\/lgi-location-holland.jpg 1920w, \/wp-content\/uploads\/2023\/03\/lgi-location-holland-300x78.jpg 300w, \/wp-content\/uploads\/2023\/03\/lgi-location-holland-1024x267.jpg 1024w, \/wp-content\/uploads\/2023\/03\/lgi-location-holland-768x200.jpg 768w, \/wp-content\/uploads\/2023\/03\/lgi-location-holland-1536x400.jpg 1536w\" sizes=\"auto, (max-width: 1920px) 100vw, 1920px\" \/>\r\n        <\/div>\r\n        \r\n        <div class=\"container contact-person-content-wrapper\">\r\n            <div class=\"row\">\r\n                <div class=\"col-12 col-lg-6 contact-person-text-wrapper contact-text-align\">\r\n                    <span class=\"wt-bh\">Ihr Kontakt zu LGI<\/span>\r\n                    <span class=\"wt-hl wt-big-string\">Kontaktieren Sie uns <span class='wt-font-color-white'>gerne!<\/span><\/span>\r\n                <\/div>\r\n                <div class=\"col-12 col-lg-6 order-first order-lg-last contact-person-img-wrapper\">\r\n                    <div>\r\n                        <div class=\"contact-person-wrapper contact-person\">\r\n                            <div class=\"d-flex align-items-stretch\">\r\n                                <div class=\"image-section\">\r\n                                    <img loading=\"lazy\" decoding=\"async\" width=\"540\" height=\"500\" src=\"\/wp-content\/uploads\/2023\/01\/lgi-contact-person-weihing-martina.png\" class=\"img-fluid\" alt=\"Martina Weihing - LGI contact person\" srcset=\"\/wp-content\/uploads\/2023\/01\/lgi-contact-person-weihing-martina.png 540w, \/wp-content\/uploads\/2023\/01\/lgi-contact-person-weihing-martina-300x278.png 300w\" sizes=\"auto, (max-width: 540px) 100vw, 540px\" \/>\r\n                                <\/div>\r\n                                <div class=\"pe-3 pe-sm-0 ps-3 ps-xl-3 d-flex flex-column justify-content-end content-section\">\r\n                                    <p class=\"wt-sl\">Ihr Kontakt<\/p>\r\n                                \r\n                                    <p class=\"text-sec wt-text-sec\">\r\n                                        <span>Chief Revenue Officer<\/span><br>\r\n                                         Martina Weihing<br>\r\n                                        <a class=\"wt-k-click-tel\" href=\"tel:+4970312009400\">+49 7031 2009400<\/a><br>\r\n                                        <a class=\"wt-k-click-mail\" href=\"&#109;&#97;&#105;&#108;&#116;&#111;&#58;%6d%61%72%74%69%6e%61%5f%77%65%69%68%69%6e%67@%6c%67%69.%64%65\">&#x6d;&#x61;&#x72;&#x74;&#x69;&#x6e;&#x61;&#x5f;&#x77;&#x65;&#x69;&#x68;&#x69;&#x6e;&#x67;&#x40;&#x6c;&#x67;&#x69;&#x2e;&#x64;&#x65;<\/a>\r\n                                    <\/p>\r\n                                    <div class=\"button-wrapper\">\r\n                                        <div class=\"wt-bt d-none d-sm-block\" data-bs-toggle=\"modal\" data-bs-target=\"#contactModal\">Kontakt aufnehmen<\/div>\r\n                                        <div class=\"d-none d-sm-block \"> <\/div>\r\n                                    <\/div>    \r\n                                <\/div>\r\n                            <\/div>                            \r\n                            <div class=\"button-wrapper\">\r\n                                <div class=\"mt-md-3 pt-3 pb-3 ps-3 pe-3 pt-md-3 d-sm-none\">\r\n                                    <div class=\"wt-bt\" data-bs-toggle=\"modal\" data-bs-target=\"#contactModal\">Kontakt aufnehmen<\/div>\r\n                                    \r\n                                <\/div>\r\n                            <\/div> \r\n                        <\/div>                        \r\n                    <\/div>                    \r\n                <\/div>\r\n            <\/div>\r\n        <\/div>\r\n        \r\n    <\/section>","protected":false},"excerpt":{"rendered":"<p>Zur\u00fcck zu den Wurzeln: Die Hauptverwaltung der LGI-Gruppe ist nach B\u00f6blingen umgezogen, wo unsere Historie 1995 mit der Ausgr\u00fcndung aus Hewlett-Packard begann. Wir haben moderne und perfekt auf unsere Bed\u00fcrfnisse zugeschnitten R\u00e4umlichkeiten bezogen, die ein inspirierendes und kollaboratives Arbeitsumfeld schaffen, in dem die Teamarbeit im Mittelpunkt steht. Sie erreichen uns ab sofort unter der neuen [&hellip;]<\/p>\n","protected":false},"author":1,"featured_media":24615,"comment_status":"closed","ping_status":"closed","sticky":false,"template":"","format":"standard","meta":{"footnotes":""},"categories":[39],"tags":[],"class_list":["post-24627","post","type-post","status-publish","format-standard","has-post-thumbnail","hentry","category-news"],"yoast_head":"<!-- This site is optimized with the Yoast SEO plugin v27.3 - https:\/\/yoast.com\/product\/yoast-seo-wordpress\/ -->\n<title>LGI Hauptverwaltung ist umgezogen | LGI Group<\/title>\n<meta name=\"description\" content=\"Die Hauptverwaltung der LGI-Gruppe ist nach B\u00f6blingen umgezogen, wo unsere Historie 1995 begann. Jetzt lesen!\" \/>\n<meta name=\"robots\" content=\"index, follow, max-snippet:-1, max-image-preview:large, max-video-preview:-1\" \/>\n<link rel=\"canonical\" href=\"https:\/\/lgigroup.com\/de-de\/wp-json\/wp\/v2\/posts\/24627\" \/>\n<meta property=\"og:locale\" content=\"de_DE\" \/>\n<meta property=\"og:type\" content=\"article\" \/>\n<meta property=\"og:title\" content=\"LGI Hauptverwaltung ist umgezogen | LGI Group\" \/>\n<meta property=\"og:description\" content=\"Die Hauptverwaltung der LGI-Gruppe ist nach B\u00f6blingen umgezogen, wo unsere Historie 1995 begann. Jetzt lesen!\" \/>\n<meta property=\"og:url\" content=\"https:\/\/lgigroup.com\/de-de\/lgi-hauptverwaltung-ist-umgezogen\/\" \/>\n<meta property=\"og:site_name\" content=\"LGI Group\" \/>\n<meta property=\"article:published_time\" content=\"2024-08-29T06:00:00+00:00\" \/>\n<meta property=\"article:modified_time\" content=\"2026-03-30T17:30:47+00:00\" \/>\n<meta property=\"og:image\" content=\"https:\/\/lgigroup.com\/wp-content\/uploads\/2024\/08\/lgi-headquarter-moved-boeblingen.jpg\" \/>\n\t<meta property=\"og:image:width\" content=\"1920\" \/>\n\t<meta property=\"og:image:height\" content=\"700\" \/>\n\t<meta property=\"og:image:type\" content=\"image\/jpeg\" \/>\n<meta name=\"author\" content=\"WebThinker\" \/>\n<meta name=\"twitter:card\" content=\"summary_large_image\" \/>\n<meta name=\"twitter:label1\" content=\"Written by\" \/>\n\t<meta name=\"twitter:data1\" content=\"WebThinker\" \/>\n\t<meta name=\"twitter:label2\" content=\"Est. reading time\" \/>\n\t<meta name=\"twitter:data2\" content=\"1 minute\" \/>\n<script type=\"application\/ld+json\" class=\"yoast-schema-graph\">{\"@context\":\"https:\\\/\\\/schema.org\",\"@graph\":[{\"@type\":\"Article\",\"@id\":\"https:\\\/\\\/lgigroup.com\\\/de-de\\\/lgi-hauptverwaltung-ist-umgezogen\\\/#article\",\"isPartOf\":{\"@id\":\"https:\\\/\\\/lgigroup.com\\\/de-de\\\/lgi-hauptverwaltung-ist-umgezogen\\\/\"},\"author\":{\"name\":\"WebThinker\",\"@id\":\"https:\\\/\\\/lgigroup.com\\\/de-de\\\/#\\\/schema\\\/person\\\/57c19e975754025ec3b953f8b668987b\"},\"headline\":\"LGI Hauptverwaltung ist umgezogen\",\"datePublished\":\"2024-08-29T06:00:00+00:00\",\"dateModified\":\"2026-03-30T17:30:47+00:00\",\"mainEntityOfPage\":{\"@id\":\"https:\\\/\\\/lgigroup.com\\\/de-de\\\/lgi-hauptverwaltung-ist-umgezogen\\\/\"},\"wordCount\":115,\"publisher\":{\"@id\":\"https:\\\/\\\/lgigroup.com\\\/de-de\\\/#organization\"},\"image\":{\"@id\":\"https:\\\/\\\/lgigroup.com\\\/de-de\\\/lgi-hauptverwaltung-ist-umgezogen\\\/#primaryimage\"},\"thumbnailUrl\":\"https:\\\/\\\/lgigroup.com\\\/wp-content\\\/uploads\\\/2024\\\/08\\\/lgi-headquarter-moved-boeblingen.jpg\",\"articleSection\":[\"News\"],\"inLanguage\":\"de-de\"},{\"@type\":\"WebPage\",\"@id\":\"https:\\\/\\\/lgigroup.com\\\/de-de\\\/lgi-hauptverwaltung-ist-umgezogen\\\/\",\"url\":\"https:\\\/\\\/lgigroup.com\\\/de-de\\\/lgi-hauptverwaltung-ist-umgezogen\\\/\",\"name\":\"LGI Hauptverwaltung ist umgezogen | LGI Group\",\"isPartOf\":{\"@id\":\"https:\\\/\\\/lgigroup.com\\\/de-de\\\/#website\"},\"primaryImageOfPage\":{\"@id\":\"https:\\\/\\\/lgigroup.com\\\/de-de\\\/lgi-hauptverwaltung-ist-umgezogen\\\/#primaryimage\"},\"image\":{\"@id\":\"https:\\\/\\\/lgigroup.com\\\/de-de\\\/lgi-hauptverwaltung-ist-umgezogen\\\/#primaryimage\"},\"thumbnailUrl\":\"https:\\\/\\\/lgigroup.com\\\/wp-content\\\/uploads\\\/2024\\\/08\\\/lgi-headquarter-moved-boeblingen.jpg\",\"datePublished\":\"2024-08-29T06:00:00+00:00\",\"dateModified\":\"2026-03-30T17:30:47+00:00\",\"description\":\"Die Hauptverwaltung der LGI-Gruppe ist nach B\u00f6blingen umgezogen, wo unsere Historie 1995 begann. Jetzt lesen!\",\"breadcrumb\":{\"@id\":\"https:\\\/\\\/lgigroup.com\\\/de-de\\\/lgi-hauptverwaltung-ist-umgezogen\\\/#breadcrumb\"},\"inLanguage\":\"de-de\",\"potentialAction\":[{\"@type\":\"ReadAction\",\"target\":[\"https:\\\/\\\/lgigroup.com\\\/de-de\\\/lgi-hauptverwaltung-ist-umgezogen\\\/\"]}]},{\"@type\":\"ImageObject\",\"inLanguage\":\"de-de\",\"@id\":\"https:\\\/\\\/lgigroup.com\\\/de-de\\\/lgi-hauptverwaltung-ist-umgezogen\\\/#primaryimage\",\"url\":\"https:\\\/\\\/lgigroup.com\\\/wp-content\\\/uploads\\\/2024\\\/08\\\/lgi-headquarter-moved-boeblingen.jpg\",\"contentUrl\":\"https:\\\/\\\/lgigroup.com\\\/wp-content\\\/uploads\\\/2024\\\/08\\\/lgi-headquarter-moved-boeblingen.jpg\",\"width\":1920,\"height\":700,\"caption\":\"LGI Hauptverwaltung ist nach B\u00f6blingen umgezogen\"},{\"@type\":\"BreadcrumbList\",\"@id\":\"https:\\\/\\\/lgigroup.com\\\/de-de\\\/lgi-hauptverwaltung-ist-umgezogen\\\/#breadcrumb\",\"itemListElement\":[{\"@type\":\"ListItem\",\"position\":1,\"name\":\"Startseite\",\"item\":\"https:\\\/\\\/lgigroup.com\\\/de-de\\\/\"},{\"@type\":\"ListItem\",\"position\":2,\"name\":\"LGI Hauptverwaltung ist umgezogen\"}]},{\"@type\":\"WebSite\",\"@id\":\"https:\\\/\\\/lgigroup.com\\\/de-de\\\/#website\",\"url\":\"https:\\\/\\\/lgigroup.com\\\/de-de\\\/\",\"name\":\"LGI Group\",\"description\":\"\",\"publisher\":{\"@id\":\"https:\\\/\\\/lgigroup.com\\\/de-de\\\/#organization\"},\"potentialAction\":[{\"@type\":\"SearchAction\",\"target\":{\"@type\":\"EntryPoint\",\"urlTemplate\":\"https:\\\/\\\/lgigroup.com\\\/de-de\\\/?s={search_term_string}\"},\"query-input\":{\"@type\":\"PropertyValueSpecification\",\"valueRequired\":true,\"valueName\":\"search_term_string\"}}],\"inLanguage\":\"de-de\"},{\"@type\":\"Organization\",\"@id\":\"https:\\\/\\\/lgigroup.com\\\/de-de\\\/#organization\",\"name\":\"LGI GmbH\",\"url\":\"https:\\\/\\\/lgigroup.com\\\/de-de\\\/\",\"logo\":{\"@type\":\"ImageObject\",\"inLanguage\":\"de-de\",\"@id\":\"https:\\\/\\\/lgigroup.com\\\/de-de\\\/#\\\/schema\\\/logo\\\/image\\\/\",\"url\":\"https:\\\/\\\/lgigroup.com\\\/wp-content\\\/uploads\\\/2023\\\/01\\\/lgi-logo.png\",\"contentUrl\":\"https:\\\/\\\/lgigroup.com\\\/wp-content\\\/uploads\\\/2023\\\/01\\\/lgi-logo.png\",\"width\":420,\"height\":200,\"caption\":\"LGI GmbH\"},\"image\":{\"@id\":\"https:\\\/\\\/lgigroup.com\\\/de-de\\\/#\\\/schema\\\/logo\\\/image\\\/\"}},{\"@type\":\"Person\",\"@id\":\"https:\\\/\\\/lgigroup.com\\\/de-de\\\/#\\\/schema\\\/person\\\/57c19e975754025ec3b953f8b668987b\",\"name\":\"WebThinker\",\"sameAs\":[\"https:\\\/\\\/lgigroup.com\"]}]}<\/script>\n<!-- \/ Yoast SEO plugin. -->","yoast_head_json":{"title":"LGI Hauptverwaltung ist umgezogen | LGI Group","description":"Die Hauptverwaltung der LGI-Gruppe ist nach B\u00f6blingen umgezogen, wo unsere Historie 1995 begann. Jetzt lesen!","robots":{"index":"index","follow":"follow","max-snippet":"max-snippet:-1","max-image-preview":"max-image-preview:large","max-video-preview":"max-video-preview:-1"},"canonical":"https:\/\/lgigroup.com\/de-de\/wp-json\/wp\/v2\/posts\/24627","og_locale":"de_DE","og_type":"article","og_title":"LGI Hauptverwaltung ist umgezogen | LGI Group","og_description":"Die Hauptverwaltung der LGI-Gruppe ist nach B\u00f6blingen umgezogen, wo unsere Historie 1995 begann. Jetzt lesen!","og_url":"https:\/\/lgigroup.com\/de-de\/lgi-hauptverwaltung-ist-umgezogen\/","og_site_name":"LGI Group","article_published_time":"2024-08-29T06:00:00+00:00","article_modified_time":"2026-03-30T17:30:47+00:00","og_image":[{"width":1920,"height":700,"url":"https:\/\/lgigroup.com\/wp-content\/uploads\/2024\/08\/lgi-headquarter-moved-boeblingen.jpg","type":"image\/jpeg"}],"author":"WebThinker","twitter_card":"summary_large_image","twitter_misc":{"Written by":"WebThinker","Est. reading time":"1 minute"},"schema":{"@context":"https:\/\/schema.org","@graph":[{"@type":"Article","@id":"https:\/\/lgigroup.com\/de-de\/lgi-hauptverwaltung-ist-umgezogen\/#article","isPartOf":{"@id":"https:\/\/lgigroup.com\/de-de\/lgi-hauptverwaltung-ist-umgezogen\/"},"author":{"name":"WebThinker","@id":"https:\/\/lgigroup.com\/de-de\/#\/schema\/person\/57c19e975754025ec3b953f8b668987b"},"headline":"LGI Hauptverwaltung ist umgezogen","datePublished":"2024-08-29T06:00:00+00:00","dateModified":"2026-03-30T17:30:47+00:00","mainEntityOfPage":{"@id":"https:\/\/lgigroup.com\/de-de\/lgi-hauptverwaltung-ist-umgezogen\/"},"wordCount":115,"publisher":{"@id":"https:\/\/lgigroup.com\/de-de\/#organization"},"image":{"@id":"https:\/\/lgigroup.com\/de-de\/lgi-hauptverwaltung-ist-umgezogen\/#primaryimage"},"thumbnailUrl":"https:\/\/lgigroup.com\/wp-content\/uploads\/2024\/08\/lgi-headquarter-moved-boeblingen.jpg","articleSection":["News"],"inLanguage":"de-de"},{"@type":"WebPage","@id":"https:\/\/lgigroup.com\/de-de\/lgi-hauptverwaltung-ist-umgezogen\/","url":"https:\/\/lgigroup.com\/de-de\/lgi-hauptverwaltung-ist-umgezogen\/","name":"LGI Hauptverwaltung ist umgezogen | LGI Group","isPartOf":{"@id":"https:\/\/lgigroup.com\/de-de\/#website"},"primaryImageOfPage":{"@id":"https:\/\/lgigroup.com\/de-de\/lgi-hauptverwaltung-ist-umgezogen\/#primaryimage"},"image":{"@id":"https:\/\/lgigroup.com\/de-de\/lgi-hauptverwaltung-ist-umgezogen\/#primaryimage"},"thumbnailUrl":"https:\/\/lgigroup.com\/wp-content\/uploads\/2024\/08\/lgi-headquarter-moved-boeblingen.jpg","datePublished":"2024-08-29T06:00:00+00:00","dateModified":"2026-03-30T17:30:47+00:00","description":"Die Hauptverwaltung der LGI-Gruppe ist nach B\u00f6blingen umgezogen, wo unsere Historie 1995 begann. Jetzt lesen!","breadcrumb":{"@id":"https:\/\/lgigroup.com\/de-de\/lgi-hauptverwaltung-ist-umgezogen\/#breadcrumb"},"inLanguage":"de-de","potentialAction":[{"@type":"ReadAction","target":["https:\/\/lgigroup.com\/de-de\/lgi-hauptverwaltung-ist-umgezogen\/"]}]},{"@type":"ImageObject","inLanguage":"de-de","@id":"https:\/\/lgigroup.com\/de-de\/lgi-hauptverwaltung-ist-umgezogen\/#primaryimage","url":"https:\/\/lgigroup.com\/wp-content\/uploads\/2024\/08\/lgi-headquarter-moved-boeblingen.jpg","contentUrl":"https:\/\/lgigroup.com\/wp-content\/uploads\/2024\/08\/lgi-headquarter-moved-boeblingen.jpg","width":1920,"height":700,"caption":"LGI Hauptverwaltung ist nach B\u00f6blingen umgezogen"},{"@type":"BreadcrumbList","@id":"https:\/\/lgigroup.com\/de-de\/lgi-hauptverwaltung-ist-umgezogen\/#breadcrumb","itemListElement":[{"@type":"ListItem","position":1,"name":"Startseite","item":"https:\/\/lgigroup.com\/de-de\/"},{"@type":"ListItem","position":2,"name":"LGI Hauptverwaltung ist umgezogen"}]},{"@type":"WebSite","@id":"https:\/\/lgigroup.com\/de-de\/#website","url":"https:\/\/lgigroup.com\/de-de\/","name":"LGI Group","description":"","publisher":{"@id":"https:\/\/lgigroup.com\/de-de\/#organization"},"potentialAction":[{"@type":"SearchAction","target":{"@type":"EntryPoint","urlTemplate":"https:\/\/lgigroup.com\/de-de\/?s={search_term_string}"},"query-input":{"@type":"PropertyValueSpecification","valueRequired":true,"valueName":"search_term_string"}}],"inLanguage":"de-de"},{"@type":"Organization","@id":"https:\/\/lgigroup.com\/de-de\/#organization","name":"LGI GmbH","url":"https:\/\/lgigroup.com\/de-de\/","logo":{"@type":"ImageObject","inLanguage":"de-de","@id":"https:\/\/lgigroup.com\/de-de\/#\/schema\/logo\/image\/","url":"https:\/\/lgigroup.com\/wp-content\/uploads\/2023\/01\/lgi-logo.png","contentUrl":"https:\/\/lgigroup.com\/wp-content\/uploads\/2023\/01\/lgi-logo.png","width":420,"height":200,"caption":"LGI GmbH"},"image":{"@id":"https:\/\/lgigroup.com\/de-de\/#\/schema\/logo\/image\/"}},{"@type":"Person","@id":"https:\/\/lgigroup.com\/de-de\/#\/schema\/person\/57c19e975754025ec3b953f8b668987b","name":"WebThinker","sameAs":["https:\/\/lgigroup.com"]}]}},"_links":{"self":[{"href":"https:\/\/lgigroup.com\/de-de\/wp-json\/wp\/v2\/posts\/24627","targetHints":{"allow":["GET"]}}],"collection":[{"href":"https:\/\/lgigroup.com\/de-de\/wp-json\/wp\/v2\/posts"}],"about":[{"href":"https:\/\/lgigroup.com\/de-de\/wp-json\/wp\/v2\/types\/post"}],"author":[{"embeddable":true,"href":"https:\/\/lgigroup.com\/de-de\/wp-json\/wp\/v2\/users\/1"}],"replies":[{"embeddable":true,"href":"https:\/\/lgigroup.com\/de-de\/wp-json\/wp\/v2\/comments?post=24627"}],"version-history":[{"count":4,"href":"https:\/\/lgigroup.com\/de-de\/wp-json\/wp\/v2\/posts\/24627\/revisions"}],"predecessor-version":[{"id":30356,"href":"https:\/\/lgigroup.com\/de-de\/wp-json\/wp\/v2\/posts\/24627\/revisions\/30356"}],"wp:featuredmedia":[{"embeddable":true,"href":"https:\/\/lgigroup.com\/de-de\/wp-json\/wp\/v2\/media\/24615"}],"wp:attachment":[{"href":"https:\/\/lgigroup.com\/de-de\/wp-json\/wp\/v2\/media?parent=24627"}],"wp:term":[{"taxonomy":"category","embeddable":true,"href":"https:\/\/lgigroup.com\/de-de\/wp-json\/wp\/v2\/categories?post=24627"},{"taxonomy":"post_tag","embeddable":true,"href":"https:\/\/lgigroup.com\/de-de\/wp-json\/wp\/v2\/tags?post=24627"}],"curies":[{"name":"wp","href":"https:\/\/api.w.org\/{rel}","templated":true}]}}