{"id":31849,"date":"2026-09-04T15:27:16","date_gmt":"2026-09-04T13:27:16","guid":{"rendered":"https:\/\/lgigroup.com\/?p=31849"},"modified":"2026-09-04T15:41:19","modified_gmt":"2026-09-04T13:41:19","slug":"neuer-ceo-bei-lgi-christian-berlin-folgt-auf-florian-beck","status":"publish","type":"post","link":"https:\/\/lgigroup.com\/de-de\/neuer-ceo-bei-lgi-christian-berlin-folgt-auf-florian-beck\/","title":{"rendered":"Neuer CEO bei LGI: Christian Berlin folgt auf Florian Beck"},"content":{"rendered":"\n<div class=\"wp-block-group container\"><div class=\"wp-block-group__inner-container is-layout-constrained wp-block-group-is-layout-constrained\">\n<div class=\"wp-block-columns is-layout-flex wp-container-core-columns-is-layout-8f761849 wp-block-columns-is-layout-flex\">\n<div class=\"wp-block-column is-layout-flow wp-block-column-is-layout-flow\" style=\"flex-basis:550px\">\n<figure class=\"wp-block-image size-full\"><img loading=\"lazy\" decoding=\"async\" width=\"1722\" height=\"1150\" src=\"\/wp-content\/uploads\/2026\/09\/20260904-LGI-Foto-Christian-Berlin.jpg\" alt=\"Christian Berlin - CEO\" class=\"wp-image-31818\" srcset=\"https:\/\/lgigroup.com\/wp-content\/uploads\/2026\/09\/20260904-LGI-Foto-Christian-Berlin.jpg 1722w, https:\/\/lgigroup.com\/wp-content\/uploads\/2026\/09\/20260904-LGI-Foto-Christian-Berlin-300x200.jpg 300w, https:\/\/lgigroup.com\/wp-content\/uploads\/2026\/09\/20260904-LGI-Foto-Christian-Berlin-1024x684.jpg 1024w, https:\/\/lgigroup.com\/wp-content\/uploads\/2026\/09\/20260904-LGI-Foto-Christian-Berlin-768x513.jpg 768w, https:\/\/lgigroup.com\/wp-content\/uploads\/2026\/09\/20260904-LGI-Foto-Christian-Berlin-1536x1026.jpg 1536w\" sizes=\"auto, (max-width: 1722px) 100vw, 1722px\" \/><\/figure>\n<\/div>\n\n\n\n<div class=\"wp-block-column is-layout-flow wp-block-column-is-layout-flow\">\r\n                <div class=\"headline-block \">\r\n                    \r\n                        <div class=\"container\">                            \r\n                            \r\n                            \r\n                                                                                                                                \r\n                        <\/div>                                \r\n                <\/div>\r\n            \n\n\r\n                        <section class=\"textBlock\">\r\n                            \r\n                                <div class=\"container\">\r\n                                    \r\n                                    \r\n                                    \r\n                                    <div class=\"row text\">\r\n                                        <div class=\"col\">\r\n                                            <div class=\"textBlock-text fs-16 fw-medium lh-26\">\r\n                                                \n<p class=\"wp-block-wt-text-block font-size-md\">Die LGI Logistics Group International GmbH freut sich, die Nachfolge in der Gesch\u00e4ftsf\u00fchrung bekanntzugeben: Christian Berlin wird 2027 die Position des Chief Executive Officer \u00fcbernehmen. Der genaue \u00dcbergabezeitpunkt wird zu gegebener Zeit kommuniziert. Bis zu diesem Zeitpunkt bleibt Florian Beck CEO der LGI.<br><br>Christian Berlin bringt langj\u00e4hrige internationale F\u00fchrungserfahrung aus der Transport- und Logistikbranche mit. Der geb\u00fcrtige Schwede war unter anderem vier Jahre lang f\u00fcr Imperial Logistics in Shanghai t\u00e4tig, bevor er in Deutschland strategische Konzernprojekte sowie die Business Unit Road Liquid verantwortete. 2019 wechselte er zur Nagel-Group, wo er als Gesch\u00e4ftsf\u00fchrer sowie als Gesch\u00e4ftsf\u00fchrender Direktor Deutschland und Executive Director Logistics t\u00e4tig war. Zuletzt leitete er als COO bei der HOYER Group das operative Gesch\u00e4ft auf Gruppenebene.<br><br>Wir freuen uns sehr, mit Christian Berlin so schnell eine passende und erfahrene F\u00fchrungspers\u00f6nlichkeit f\u00fcr LGI gewonnen zu haben, und hei\u00dfen ihn herzlich willkommen.<\/p>\n\r\n                                            <\/div>\r\n                                        <\/div>                                        \r\n                                    <\/div>                                                                        \r\n                                <\/div>                                \r\n                        <\/section>\r\n                    <\/div>\n<\/div>\n<\/div><\/div>\n\n\n\r\n                        <section class=\"textBlock\">\r\n                            \r\n                                <div class=\"container\">\r\n                                    \r\n                                    \r\n                                    \r\n                                    <div class=\"row text\">\r\n                                        <div class=\"col\">\r\n                                            <div class=\"textBlock-text fs-16 fw-medium lh-26\">\r\n                                                \n<p class=\"wp-block-wt-text-block font-size-md\"><\/p>\n\r\n                                            <\/div>\r\n                                        <\/div>                                        \r\n                                    <\/div>                                                                        \r\n                                <\/div>                                \r\n                        <\/section>\r\n                    \n\n            \r\n        <div class=\"spacing-block doublesmall spacing-block-id-6a9d3281a5892\" >                                     \r\n                  <div class=\"double-small-space\">   \r\n                  <\/div>                      \r\n        <\/div>\n\n\r\n    \r\n    <section class=\"back-button-block op-2\">\r\n        \r\n        <div class=\"container\">\r\n            <div class=\"row my-5\">\r\n                <div class=\"col-12\">\r\n                    <div class=\"back-button-wrapper\">\r\n                        \r\n                        <a href=\"\/de-de\/preferred-supplier-robert-bosch-group-zeichnet-lgi-aus\/\" class=\"wt-bt wt-unset-animation\">\r\n                            <span class=\"arrow\">\r\n                                <span><\/span>\r\n                                <span><\/span>\r\n                            <\/span>\r\n                            \r\n                            <span class=\"prev\">Vorheriger<\/span>\r\n                        <\/a>     \r\n            \r\n                        \r\n                        <a href=\"\/de-de\/\/lgi-group\/newsroom\/\" class=\"wt-unset-animation\">\r\n                            <div class=\"wt-bt-t\">\r\n                                <svg>\r\n                                    <rect x=\"0\" y=\"0\" fill=\"none\" width=\"100%\" height=\"100%\"><\/rect>\r\n                                <\/svg>\r\n                                \r\n                                <span class=\"arrow\">\r\n                                    <span><\/span>\r\n                                    <span><\/span>\r\n                                <\/span>\r\n                                \r\n                                <span>Zum Newsroom<\/span>\r\n                            <\/div>\r\n                        <\/a>  \r\n                        \r\n                       \r\n                                         \r\n                    <\/div>\r\n                <\/div>\r\n            <\/div>\r\n        <\/div>        \r\n        \r\n    <\/section>\n\n            \r\n        <div class=\"spacing-block large spacing-block-id-6a9d3281a7d19\" >                                     \r\n                  <div class=\"large-space\">   \r\n                  <\/div>                      \r\n        <\/div>\n\n\r\n            <section class=\"more-news-block news-block-header xx-30023\">\r\n                <div class=\"container\">\r\n                    \r\n                <\/div>\r\n            <\/section>\r\n\r\n            <section class=\"news-block-wrapper\">\r\n                <div class=\"container\">\r\n                \t<div class=\"row newsPost justify-content-center\">\r\n                \t<div class=\"newsPost-slider\">                \t\r\n                    \r\n                                    <div class=\"col-12 col-md-6 col-lg-4 post-img\">\r\n\t                                    <a href=\"\/de-de\/preferred-supplier-robert-bosch-group-zeichnet-lgi-aus\/\" class=\"post-ovelay-link\">                                                    \r\n\t                                     \r\n                                        <div class=\"post\">\r\n                                        \t<div class=\"post-thumbnail\">\r\n                                        \t<div class=\"post-thumbnail-layer\">\r\n                                            <img loading=\"lazy\" decoding=\"async\" width=\"2560\" height=\"933\" src=\"\/wp-content\/uploads\/2026\/08\/LGI-Headerbild-preferred-Supplier-Bosch-scaled.webp\" class=\"img-fluid wp-post-image\" alt=\"LGI Headerbild preferred Supplier Bosch scaled\" srcset=\"\/wp-content\/uploads\/2026\/08\/LGI-Headerbild-preferred-Supplier-Bosch-scaled.webp 2560w, \/wp-content\/uploads\/2026\/08\/LGI-Headerbild-preferred-Supplier-Bosch-300x109.webp 300w, \/wp-content\/uploads\/2026\/08\/LGI-Headerbild-preferred-Supplier-Bosch-1024x373.webp 1024w, \/wp-content\/uploads\/2026\/08\/LGI-Headerbild-preferred-Supplier-Bosch-768x280.webp 768w, \/wp-content\/uploads\/2026\/08\/LGI-Headerbild-preferred-Supplier-Bosch-1536x560.webp 1536w, \/wp-content\/uploads\/2026\/08\/LGI-Headerbild-preferred-Supplier-Bosch-2048x746.webp 2048w\" sizes=\"auto, (max-width: 2560px) 100vw, 2560px\" \/>\r\n                                            <\/div>\r\n                                            <div class=\"post-mobile-info wt-post-mobile\">\r\n\t                                                <div class=\"post-top-mobile\">\r\n\t\t                                                <div class=\"date fw-semi-bold\">\r\n\t\t                                                05.08.2026\r\n\t\t                                                <\/div>\r\n\t\t                                                <span class=\"wt-sep-line\">|<\/span>\r\n\t\t                                                <h3 class=\"sub-headline wt-sl\">\r\n\t\t                                                    News\r\n\t\t                                                <\/h3>\r\n\t\t\t\t\t\t\t\t\t\t\t\t\t<\/div>\r\n\t                                                <h3 class=\"headline wt-ht\">\r\n\t                                                    Preferred Supplier: Robert Bosch Group zeichnet LGI aus\r\n\t                                                <\/h3>\r\n\t\t\t\t\t\t\t\t\t\t\t\t<\/div>\r\n                                            <\/div>\r\n                                            <div class=\"post-content p-4\">\r\n                                                \r\n                                                <h3 class=\"sub-headline wt-sl wt-post-desk\">\r\n                                                    News\r\n                                                <\/h3>\r\n                                                <h3 class=\"headline wt-ht wt-post-desk\">\r\n                                                    Preferred Supplier: Robert Bosch Group zeichnet LGI aus\r\n                                                <\/h3>\r\n                                                \r\n                                                <div class=\"post-desc wt-t wt-post-mobile\">\r\n                                                Manche Erfolge zeigen sich nicht in Zahlen, sondern in einer Urkunde, \u00fcberreicht von einem Partner, der wei\u00df, worauf es ankommt. Die Robert Bosch Group, Corporate Supply Chain Management, hat die LGI Logistics Group International GmbH offiziell als Preferred Supplier&#8230;\r\n                                                <\/div>\r\n                                                \r\n                                                \r\n\t\t\t\t\t\t\t\t\t\t\t<\/div>\r\n                                        <\/div>\r\n                                        <\/a> \r\n                                        <div class=\"wt-bt d-inline-block\">\r\n                                                    <a href=\"\/de-de\/preferred-supplier-robert-bosch-group-zeichnet-lgi-aus\/\">\r\n                                                        <span class=\"arrow\">\r\n                                                            <span><\/span>\r\n                                                            <span><\/span>\r\n                                                        <\/span>                                                  \r\n                                                    <\/a>                                                \r\n                                                <\/div>\r\n                                    <\/div>\r\n                                \r\n                                    <div class=\"col-12 col-md-6 col-lg-4 post-img\">\r\n\t                                    <a href=\"\/de-de\/lgi-ernennt-frank-weber-zum-chief-operating-officer\/\" class=\"post-ovelay-link\">                                                    \r\n\t                                     \r\n                                        <div class=\"post\">\r\n                                        \t<div class=\"post-thumbnail\">\r\n                                        \t<div class=\"post-thumbnail-layer\">\r\n                                            <img loading=\"lazy\" decoding=\"async\" width=\"1584\" height=\"396\" src=\"\/wp-content\/uploads\/2026\/05\/2026-0520-LGI-News-Blue-and-White-Modern-Professional-General-Linkedin-Banner.png\" class=\"img-fluid wp-post-image\" alt=\"2026 0520 LGI News Blue and White Modern Professional General Linkedin Banner\" srcset=\"\/wp-content\/uploads\/2026\/05\/2026-0520-LGI-News-Blue-and-White-Modern-Professional-General-Linkedin-Banner.png 1584w, \/wp-content\/uploads\/2026\/05\/2026-0520-LGI-News-Blue-and-White-Modern-Professional-General-Linkedin-Banner-300x75.png 300w, \/wp-content\/uploads\/2026\/05\/2026-0520-LGI-News-Blue-and-White-Modern-Professional-General-Linkedin-Banner-1024x256.png 1024w, \/wp-content\/uploads\/2026\/05\/2026-0520-LGI-News-Blue-and-White-Modern-Professional-General-Linkedin-Banner-768x192.png 768w, \/wp-content\/uploads\/2026\/05\/2026-0520-LGI-News-Blue-and-White-Modern-Professional-General-Linkedin-Banner-1536x384.png 1536w\" sizes=\"auto, (max-width: 1584px) 100vw, 1584px\" \/>\r\n                                            <\/div>\r\n                                            <div class=\"post-mobile-info wt-post-mobile\">\r\n\t                                                <div class=\"post-top-mobile\">\r\n\t\t                                                <div class=\"date fw-semi-bold\">\r\n\t\t                                                09.06.2026\r\n\t\t                                                <\/div>\r\n\t\t                                                <span class=\"wt-sep-line\">|<\/span>\r\n\t\t                                                <h3 class=\"sub-headline wt-sl\">\r\n\t\t                                                    News\r\n\t\t                                                <\/h3>\r\n\t\t\t\t\t\t\t\t\t\t\t\t\t<\/div>\r\n\t                                                <h3 class=\"headline wt-ht\">\r\n\t                                                    LGI ernennt Frank Weber zum Chief Operating Officer\r\n\t                                                <\/h3>\r\n\t\t\t\t\t\t\t\t\t\t\t\t<\/div>\r\n                                            <\/div>\r\n                                            <div class=\"post-content p-4\">\r\n                                                \r\n                                                <h3 class=\"sub-headline wt-sl wt-post-desk\">\r\n                                                    News\r\n                                                <\/h3>\r\n                                                <h3 class=\"headline wt-ht wt-post-desk\">\r\n                                                    LGI ernennt Frank Weber zum Chief Operating Officer\r\n                                                <\/h3>\r\n                                                \r\n                                                <div class=\"post-desc wt-t wt-post-mobile\">\r\n                                                B\u00f6blingen, 8. Juni 2026 \u2013 Die LGI Logistics Group International GmbH gibt die Ernennung von Frank Weber zum Chief Operating Officer (COO) bekannt. Frank Weber tritt seine neue Position zum 1. Juli 2026 an.\r\n                                                <\/div>\r\n                                                \r\n                                                \r\n\t\t\t\t\t\t\t\t\t\t\t<\/div>\r\n                                        <\/div>\r\n                                        <\/a> \r\n                                        <div class=\"wt-bt d-inline-block\">\r\n                                                    <a href=\"\/de-de\/lgi-ernennt-frank-weber-zum-chief-operating-officer\/\">\r\n                                                        <span class=\"arrow\">\r\n                                                            <span><\/span>\r\n                                                            <span><\/span>\r\n                                                        <\/span>                                                  \r\n                                                    <\/a>                                                \r\n                                                <\/div>\r\n                                    <\/div>\r\n                                \r\n                                    <div class=\"col-12 col-md-6 col-lg-4 post-img\">\r\n\t                                    <a href=\"\/de-de\/florian-beck-uebernimmt-ceo-rolle-der-elanders-gruppe\/\" class=\"post-ovelay-link\">                                                    \r\n\t                                     \r\n                                        <div class=\"post\">\r\n                                        \t<div class=\"post-thumbnail\">\r\n                                        \t<div class=\"post-thumbnail-layer\">\r\n                                            <img loading=\"lazy\" decoding=\"async\" width=\"1584\" height=\"396\" src=\"\/wp-content\/uploads\/2026\/05\/2026-0520-LGI-News-Blue-and-White-Modern-Professional-General-Linkedin-Banner.png\" class=\"img-fluid wp-post-image\" alt=\"2026 0520 LGI News Blue and White Modern Professional General Linkedin Banner\" srcset=\"\/wp-content\/uploads\/2026\/05\/2026-0520-LGI-News-Blue-and-White-Modern-Professional-General-Linkedin-Banner.png 1584w, \/wp-content\/uploads\/2026\/05\/2026-0520-LGI-News-Blue-and-White-Modern-Professional-General-Linkedin-Banner-300x75.png 300w, \/wp-content\/uploads\/2026\/05\/2026-0520-LGI-News-Blue-and-White-Modern-Professional-General-Linkedin-Banner-1024x256.png 1024w, \/wp-content\/uploads\/2026\/05\/2026-0520-LGI-News-Blue-and-White-Modern-Professional-General-Linkedin-Banner-768x192.png 768w, \/wp-content\/uploads\/2026\/05\/2026-0520-LGI-News-Blue-and-White-Modern-Professional-General-Linkedin-Banner-1536x384.png 1536w\" sizes=\"auto, (max-width: 1584px) 100vw, 1584px\" \/>\r\n                                            <\/div>\r\n                                            <div class=\"post-mobile-info wt-post-mobile\">\r\n\t                                                <div class=\"post-top-mobile\">\r\n\t\t                                                <div class=\"date fw-semi-bold\">\r\n\t\t                                                22.05.2026\r\n\t\t                                                <\/div>\r\n\t\t                                                <span class=\"wt-sep-line\">|<\/span>\r\n\t\t                                                <h3 class=\"sub-headline wt-sl\">\r\n\t\t                                                    News\r\n\t\t                                                <\/h3>\r\n\t\t\t\t\t\t\t\t\t\t\t\t\t<\/div>\r\n\t                                                <h3 class=\"headline wt-ht\">\r\n\t                                                    Florian Beck \u00fcbernimmt CEO-Rolle der Elanders Gruppe\r\n\t                                                <\/h3>\r\n\t\t\t\t\t\t\t\t\t\t\t\t<\/div>\r\n                                            <\/div>\r\n                                            <div class=\"post-content p-4\">\r\n                                                \r\n                                                <h3 class=\"sub-headline wt-sl wt-post-desk\">\r\n                                                    News\r\n                                                <\/h3>\r\n                                                <h3 class=\"headline wt-ht wt-post-desk\">\r\n                                                    Florian Beck \u00fcbernimmt CEO-Rolle der Elanders Gruppe\r\n                                                <\/h3>\r\n                                                \r\n                                                <div class=\"post-desc wt-t wt-post-mobile\">\r\n                                                Die LGI Logistics Group International schl\u00e4gt ein neues Kapitel auf: Unser CEO Florian Beck wird zum 1. September 2026 die Position &#8230;\r\n                                                <\/div>\r\n                                                \r\n                                                \r\n\t\t\t\t\t\t\t\t\t\t\t<\/div>\r\n                                        <\/div>\r\n                                        <\/a> \r\n                                        <div class=\"wt-bt d-inline-block\">\r\n                                                    <a href=\"\/de-de\/florian-beck-uebernimmt-ceo-rolle-der-elanders-gruppe\/\">\r\n                                                        <span class=\"arrow\">\r\n                                                            <span><\/span>\r\n                                                            <span><\/span>\r\n                                                        <\/span>                                                  \r\n                                                    <\/a>                                                \r\n                                                <\/div>\r\n                                    <\/div>\r\n                                \r\n                                    <div class=\"col-12 col-md-6 col-lg-4 post-img\">\r\n\t                                    <a href=\"\/de-de\/lgi-erweitert-geschaeftsleitung-zum-01-2026\/\" class=\"post-ovelay-link\">                                                    \r\n\t                                     \r\n                                        <div class=\"post\">\r\n                                        \t<div class=\"post-thumbnail\">\r\n                                        \t<div class=\"post-thumbnail-layer\">\r\n                                            <img loading=\"lazy\" decoding=\"async\" width=\"1920\" height=\"700\" src=\"\/wp-content\/uploads\/2026\/03\/20260216-lgi-erweiterungder-geschaftsleitung-banner.webp\" class=\"img-fluid wp-post-image\" alt=\"LGI Gesch\u00e4ftsf\u00fchrung vor dem LGI Geb\u00e4ude\" srcset=\"\/wp-content\/uploads\/2026\/03\/20260216-lgi-erweiterungder-geschaftsleitung-banner.webp 1920w, \/wp-content\/uploads\/2026\/03\/20260216-lgi-erweiterungder-geschaftsleitung-banner-300x109.webp 300w, \/wp-content\/uploads\/2026\/03\/20260216-lgi-erweiterungder-geschaftsleitung-banner-1024x373.webp 1024w, \/wp-content\/uploads\/2026\/03\/20260216-lgi-erweiterungder-geschaftsleitung-banner-768x280.webp 768w, \/wp-content\/uploads\/2026\/03\/20260216-lgi-erweiterungder-geschaftsleitung-banner-1536x560.webp 1536w\" sizes=\"auto, (max-width: 1920px) 100vw, 1920px\" \/>\r\n                                            <\/div>\r\n                                            <div class=\"post-mobile-info wt-post-mobile\">\r\n\t                                                <div class=\"post-top-mobile\">\r\n\t\t                                                <div class=\"date fw-semi-bold\">\r\n\t\t                                                04.03.2026\r\n\t\t                                                <\/div>\r\n\t\t                                                <span class=\"wt-sep-line\">|<\/span>\r\n\t\t                                                <h3 class=\"sub-headline wt-sl\">\r\n\t\t                                                    News\r\n\t\t                                                <\/h3>\r\n\t\t\t\t\t\t\t\t\t\t\t\t\t<\/div>\r\n\t                                                <h3 class=\"headline wt-ht\">\r\n\t                                                    LGI erweitert Gesch\u00e4ftsleitung zum 01.01.2026\r\n\t                                                <\/h3>\r\n\t\t\t\t\t\t\t\t\t\t\t\t<\/div>\r\n                                            <\/div>\r\n                                            <div class=\"post-content p-4\">\r\n                                                \r\n                                                <h3 class=\"sub-headline wt-sl wt-post-desk\">\r\n                                                    News\r\n                                                <\/h3>\r\n                                                <h3 class=\"headline wt-ht wt-post-desk\">\r\n                                                    LGI erweitert Gesch\u00e4ftsleitung zum 01.01.2026\r\n                                                <\/h3>\r\n                                                \r\n                                                <div class=\"post-desc wt-t wt-post-mobile\">\r\n                                                Mit Wirkung zum 01.01.2026 st\u00e4rkt die LGI Logistics Group International GmbH ihre Gesch\u00e4ftsleitung gleich in drei zentralen Bereichen. Neben der bisherigen \u2026\r\n                                                <\/div>\r\n                                                \r\n                                                \r\n\t\t\t\t\t\t\t\t\t\t\t<\/div>\r\n                                        <\/div>\r\n                                        <\/a> \r\n                                        <div class=\"wt-bt d-inline-block\">\r\n                                                    <a href=\"\/de-de\/lgi-erweitert-geschaeftsleitung-zum-01-2026\/\">\r\n                                                        <span class=\"arrow\">\r\n                                                            <span><\/span>\r\n                                                            <span><\/span>\r\n                                                        <\/span>                                                  \r\n                                                    <\/a>                                                \r\n                                                <\/div>\r\n                                    <\/div>\r\n                                \r\n                   \t<\/div>\r\n                   \t<\/div>\r\n                <\/div>\r\n            <\/section>\r\n            \n\n            \r\n        <div class=\"spacing-block large spacing-block-id-6a9d3281b0e3d\" >                                     \r\n                  <div class=\"large-space\">   \r\n                  <\/div>                      \r\n        <\/div>\n\n   \r\n    \r\n    <section id=\"Contact-person\" class=\"contact-person-block contact-person-block-id-6a9d3281b0fb6 encoded-email\" data-idcp=\"6123\" data-mail=\"bWFydGluYV93ZWloaW5nQGxnaS5kZQ==\">\r\n    \r\n        \r\n        <div class=\"contact-person-bg-img-wrapper\">\r\n            <img loading=\"lazy\" decoding=\"async\" width=\"1920\" height=\"500\" src=\"\/wp-content\/uploads\/2023\/03\/lgi-location-holland.jpg\" class=\"img-fluid bg-image\" alt=\"Location holland | LGI\" srcset=\"\/wp-content\/uploads\/2023\/03\/lgi-location-holland.jpg 1920w, \/wp-content\/uploads\/2023\/03\/lgi-location-holland-300x78.jpg 300w, \/wp-content\/uploads\/2023\/03\/lgi-location-holland-1024x267.jpg 1024w, \/wp-content\/uploads\/2023\/03\/lgi-location-holland-768x200.jpg 768w, \/wp-content\/uploads\/2023\/03\/lgi-location-holland-1536x400.jpg 1536w\" sizes=\"auto, (max-width: 1920px) 100vw, 1920px\" \/>\r\n        <\/div>\r\n        \r\n        <div class=\"container contact-person-content-wrapper\">\r\n            <div class=\"row\">\r\n                <div class=\"col-12 col-lg-6 contact-person-text-wrapper contact-text-align\">\r\n                    <span class=\"wt-bh\">Ihr Kontakt zu LGI<\/span>\r\n                    <span class=\"wt-hl wt-big-string\">Kontaktieren Sie uns <span class='wt-font-color-white'>gerne<\/span>!<\/span>\r\n                <\/div>\r\n                <div class=\"col-12 col-lg-6 order-first order-lg-last contact-person-img-wrapper\">\r\n                    <div>\r\n                        <div class=\"contact-person-wrapper contact-person\">\r\n                            <div class=\"d-flex align-items-stretch\">\r\n                                <div class=\"image-section\">\r\n                                    <img loading=\"lazy\" decoding=\"async\" width=\"540\" height=\"500\" src=\"\/wp-content\/uploads\/2023\/01\/lgi-contact-person-weihing-martina.png\" class=\"img-fluid\" alt=\"Martina Weihing - LGI contact person\" srcset=\"\/wp-content\/uploads\/2023\/01\/lgi-contact-person-weihing-martina.png 540w, \/wp-content\/uploads\/2023\/01\/lgi-contact-person-weihing-martina-300x278.png 300w\" sizes=\"auto, (max-width: 540px) 100vw, 540px\" \/>\r\n                                <\/div>\r\n                                <div class=\"pe-3 pe-sm-0 ps-3 ps-xl-3 d-flex flex-column justify-content-end content-section\">\r\n                                    <p class=\"wt-sl\">Ihr Kontakt<\/p>\r\n                                \r\n                                    <p class=\"text-sec wt-text-sec\">\r\n                                        <span>Chief Revenue Officer<\/span><br>\r\n                                         Martina Weihing<br>\r\n                                        <a class=\"wt-k-click-tel\" href=\"tel:+4970312009400\">+49 7031 2009400<\/a><br>\r\n                                        <a class=\"wt-k-click-mail\" href=\"&#109;&#97;&#105;&#108;&#116;&#111;&#58;%6d%61%72%74%69%6e%61%5f%77%65%69%68%69%6e%67@%6c%67%69.%64%65\">&#x6d;&#x61;&#x72;&#x74;&#x69;&#x6e;&#x61;&#x5f;&#x77;&#x65;&#x69;&#x68;&#x69;&#x6e;&#x67;&#x40;&#x6c;&#x67;&#x69;&#x2e;&#x64;&#x65;<\/a>\r\n                                    <\/p>\r\n                                    <div class=\"button-wrapper\">\r\n                                        <div class=\"wt-bt d-none d-sm-block\" data-bs-toggle=\"modal\" data-bs-target=\"#contactModal\">Kontakt aufnehmen<\/div>\r\n                                        <div class=\"d-none d-sm-block \"> <\/div>\r\n                                    <\/div>    \r\n                                <\/div>\r\n                            <\/div>                            \r\n                            <div class=\"button-wrapper\">\r\n                                <div class=\"mt-md-3 pt-3 pb-3 ps-3 pe-3 pt-md-3 d-sm-none\">\r\n                                    <div class=\"wt-bt\" data-bs-toggle=\"modal\" data-bs-target=\"#contactModal\">Kontakt aufnehmen<\/div>\r\n                                    \r\n                                <\/div>\r\n                            <\/div> \r\n                        <\/div>                        \r\n                    <\/div>                    \r\n                <\/div>\r\n            <\/div>\r\n        <\/div>\r\n        \r\n    <\/section>","protected":false},"excerpt":{"rendered":"<p>Die LGI Logistics Group International GmbH freut sich, die Nachfolge in der Gesch\u00e4ftsf\u00fchrung bekanntzugeben: Christian Berlin wird 2027 die Position des Chief Executive&#8230;<\/p>\n","protected":false},"author":1,"featured_media":31806,"comment_status":"closed","ping_status":"closed","sticky":false,"template":"","format":"standard","meta":{"footnotes":"","_members_access_role":[],"_members_access_error":""},"categories":[39],"tags":[],"class_list":["post-31849","post","type-post","status-publish","format-standard","has-post-thumbnail","hentry","category-news"],"yoast_head":"<!-- This site is optimized with the Yoast SEO plugin v27.9 - https:\/\/yoast.com\/product\/yoast-seo-wordpress\/ -->\n<title>Neuer CEO bei LGI: Christian Berlin folgt auf Florian Beck | LGI Group<\/title>\n<meta name=\"description\" content=\"Christian Berlin l\u00f6st 2027 Florian Beck als neuen CEO der LGI Logistics Group International GmbH ab. Erfahren Sie mehr \u00fcber seinen Hintergrund.\" \/>\n<meta name=\"robots\" content=\"index, follow, max-snippet:-1, max-image-preview:large, max-video-preview:-1\" \/>\n<link rel=\"canonical\" href=\"https:\/\/lgigroup.com\/de-de\/wp-json\/wp\/v2\/posts\/31849\" \/>\n<meta property=\"og:locale\" content=\"de_DE\" \/>\n<meta property=\"og:type\" content=\"article\" \/>\n<meta property=\"og:title\" content=\"Neuer CEO bei LGI: Christian Berlin folgt auf Florian Beck | LGI Group\" \/>\n<meta property=\"og:description\" content=\"Christian Berlin l\u00f6st 2027 Florian Beck als neuen CEO der LGI Logistics Group International GmbH ab. Erfahren Sie mehr \u00fcber seinen Hintergrund.\" \/>\n<meta property=\"og:url\" content=\"https:\/\/lgigroup.com\/de-de\/neuer-ceo-bei-lgi-christian-berlin-folgt-auf-florian-beck\/\" \/>\n<meta property=\"og:site_name\" content=\"LGI Group\" \/>\n<meta property=\"article:published_time\" content=\"2026-09-04T13:27:16+00:00\" \/>\n<meta property=\"article:modified_time\" content=\"2026-09-04T13:41:19+00:00\" \/>\n<meta property=\"og:image\" content=\"https:\/\/lgigroup.com\/wp-content\/uploads\/2026\/09\/20260904-LGI-Modern-professional-General-Linkedin-Banner.png\" \/>\n\t<meta property=\"og:image:width\" content=\"1584\" \/>\n\t<meta property=\"og:image:height\" content=\"396\" \/>\n\t<meta property=\"og:image:type\" content=\"image\/png\" \/>\n<meta name=\"author\" content=\"WebThinker\" \/>\n<meta name=\"twitter:card\" content=\"summary_large_image\" \/>\n<meta name=\"twitter:label1\" content=\"Written by\" \/>\n\t<meta name=\"twitter:data1\" content=\"WebThinker\" \/>\n\t<meta name=\"twitter:label2\" content=\"Est. reading time\" \/>\n\t<meta name=\"twitter:data2\" content=\"2 minutes\" \/>\n<script type=\"application\/ld+json\" class=\"yoast-schema-graph\">{\"@context\":\"https:\\\/\\\/schema.org\",\"@graph\":[{\"@type\":\"Article\",\"@id\":\"https:\\\/\\\/lgigroup.com\\\/de-de\\\/neuer-ceo-bei-lgi-christian-berlin-folgt-auf-florian-beck\\\/#article\",\"isPartOf\":{\"@id\":\"https:\\\/\\\/lgigroup.com\\\/de-de\\\/neuer-ceo-bei-lgi-christian-berlin-folgt-auf-florian-beck\\\/\"},\"author\":{\"name\":\"WebThinker\",\"@id\":\"https:\\\/\\\/lgigroup.com\\\/de-de\\\/#\\\/schema\\\/person\\\/57c19e975754025ec3b953f8b668987b\"},\"headline\":\"Neuer CEO bei LGI: Christian Berlin folgt auf Florian Beck\",\"datePublished\":\"2026-09-04T13:27:16+00:00\",\"dateModified\":\"2026-09-04T13:41:19+00:00\",\"mainEntityOfPage\":{\"@id\":\"https:\\\/\\\/lgigroup.com\\\/de-de\\\/neuer-ceo-bei-lgi-christian-berlin-folgt-auf-florian-beck\\\/\"},\"wordCount\":166,\"publisher\":{\"@id\":\"https:\\\/\\\/lgigroup.com\\\/de-de\\\/#organization\"},\"image\":{\"@id\":\"https:\\\/\\\/lgigroup.com\\\/de-de\\\/neuer-ceo-bei-lgi-christian-berlin-folgt-auf-florian-beck\\\/#primaryimage\"},\"thumbnailUrl\":\"https:\\\/\\\/lgigroup.com\\\/wp-content\\\/uploads\\\/2026\\\/09\\\/20260904-LGI-Modern-professional-General-Linkedin-Banner.png\",\"articleSection\":[\"News\"],\"inLanguage\":\"de-de\"},{\"@type\":\"WebPage\",\"@id\":\"https:\\\/\\\/lgigroup.com\\\/de-de\\\/neuer-ceo-bei-lgi-christian-berlin-folgt-auf-florian-beck\\\/\",\"url\":\"https:\\\/\\\/lgigroup.com\\\/de-de\\\/neuer-ceo-bei-lgi-christian-berlin-folgt-auf-florian-beck\\\/\",\"name\":\"Neuer CEO bei LGI: Christian Berlin folgt auf Florian Beck | LGI Group\",\"isPartOf\":{\"@id\":\"https:\\\/\\\/lgigroup.com\\\/de-de\\\/#website\"},\"primaryImageOfPage\":{\"@id\":\"https:\\\/\\\/lgigroup.com\\\/de-de\\\/neuer-ceo-bei-lgi-christian-berlin-folgt-auf-florian-beck\\\/#primaryimage\"},\"image\":{\"@id\":\"https:\\\/\\\/lgigroup.com\\\/de-de\\\/neuer-ceo-bei-lgi-christian-berlin-folgt-auf-florian-beck\\\/#primaryimage\"},\"thumbnailUrl\":\"https:\\\/\\\/lgigroup.com\\\/wp-content\\\/uploads\\\/2026\\\/09\\\/20260904-LGI-Modern-professional-General-Linkedin-Banner.png\",\"datePublished\":\"2026-09-04T13:27:16+00:00\",\"dateModified\":\"2026-09-04T13:41:19+00:00\",\"description\":\"Christian Berlin l\u00f6st 2027 Florian Beck als neuen CEO der LGI Logistics Group International GmbH ab. Erfahren Sie mehr \u00fcber seinen Hintergrund.\",\"breadcrumb\":{\"@id\":\"https:\\\/\\\/lgigroup.com\\\/de-de\\\/neuer-ceo-bei-lgi-christian-berlin-folgt-auf-florian-beck\\\/#breadcrumb\"},\"inLanguage\":\"de-de\",\"potentialAction\":[{\"@type\":\"ReadAction\",\"target\":[\"https:\\\/\\\/lgigroup.com\\\/de-de\\\/neuer-ceo-bei-lgi-christian-berlin-folgt-auf-florian-beck\\\/\"]}]},{\"@type\":\"ImageObject\",\"inLanguage\":\"de-de\",\"@id\":\"https:\\\/\\\/lgigroup.com\\\/de-de\\\/neuer-ceo-bei-lgi-christian-berlin-folgt-auf-florian-beck\\\/#primaryimage\",\"url\":\"https:\\\/\\\/lgigroup.com\\\/wp-content\\\/uploads\\\/2026\\\/09\\\/20260904-LGI-Modern-professional-General-Linkedin-Banner.png\",\"contentUrl\":\"https:\\\/\\\/lgigroup.com\\\/wp-content\\\/uploads\\\/2026\\\/09\\\/20260904-LGI-Modern-professional-General-Linkedin-Banner.png\",\"width\":1584,\"height\":396,\"caption\":\"News banner\"},{\"@type\":\"BreadcrumbList\",\"@id\":\"https:\\\/\\\/lgigroup.com\\\/de-de\\\/neuer-ceo-bei-lgi-christian-berlin-folgt-auf-florian-beck\\\/#breadcrumb\",\"itemListElement\":[{\"@type\":\"ListItem\",\"position\":1,\"name\":\"Startseite\",\"item\":\"https:\\\/\\\/lgigroup.com\\\/de-de\\\/\"},{\"@type\":\"ListItem\",\"position\":2,\"name\":\"Neuer CEO bei LGI: Christian Berlin folgt auf Florian Beck\"}]},{\"@type\":\"WebSite\",\"@id\":\"https:\\\/\\\/lgigroup.com\\\/de-de\\\/#website\",\"url\":\"https:\\\/\\\/lgigroup.com\\\/de-de\\\/\",\"name\":\"LGI Group\",\"description\":\"\",\"publisher\":{\"@id\":\"https:\\\/\\\/lgigroup.com\\\/de-de\\\/#organization\"},\"potentialAction\":[{\"@type\":\"SearchAction\",\"target\":{\"@type\":\"EntryPoint\",\"urlTemplate\":\"https:\\\/\\\/lgigroup.com\\\/de-de\\\/?s={search_term_string}\"},\"query-input\":{\"@type\":\"PropertyValueSpecification\",\"valueRequired\":true,\"valueName\":\"search_term_string\"}}],\"inLanguage\":\"de-de\"},{\"@type\":\"Organization\",\"@id\":\"https:\\\/\\\/lgigroup.com\\\/de-de\\\/#organization\",\"name\":\"LGI GmbH\",\"url\":\"https:\\\/\\\/lgigroup.com\\\/de-de\\\/\",\"logo\":{\"@type\":\"ImageObject\",\"inLanguage\":\"de-de\",\"@id\":\"https:\\\/\\\/lgigroup.com\\\/de-de\\\/#\\\/schema\\\/logo\\\/image\\\/\",\"url\":\"https:\\\/\\\/lgigroup.com\\\/wp-content\\\/uploads\\\/2023\\\/01\\\/lgi-logo.png\",\"contentUrl\":\"https:\\\/\\\/lgigroup.com\\\/wp-content\\\/uploads\\\/2023\\\/01\\\/lgi-logo.png\",\"width\":420,\"height\":200,\"caption\":\"LGI GmbH\"},\"image\":{\"@id\":\"https:\\\/\\\/lgigroup.com\\\/de-de\\\/#\\\/schema\\\/logo\\\/image\\\/\"}},{\"@type\":\"Person\",\"@id\":\"https:\\\/\\\/lgigroup.com\\\/de-de\\\/#\\\/schema\\\/person\\\/57c19e975754025ec3b953f8b668987b\",\"name\":\"WebThinker\",\"sameAs\":[\"https:\\\/\\\/lgigroup.com\"]}]}<\/script>\n<!-- \/ Yoast SEO plugin. -->","yoast_head_json":{"title":"Neuer CEO bei LGI: Christian Berlin folgt auf Florian Beck | LGI Group","description":"Christian Berlin l\u00f6st 2027 Florian Beck als neuen CEO der LGI Logistics Group International GmbH ab. Erfahren Sie mehr \u00fcber seinen Hintergrund.","robots":{"index":"index","follow":"follow","max-snippet":"max-snippet:-1","max-image-preview":"max-image-preview:large","max-video-preview":"max-video-preview:-1"},"canonical":"https:\/\/lgigroup.com\/de-de\/wp-json\/wp\/v2\/posts\/31849","og_locale":"de_DE","og_type":"article","og_title":"Neuer CEO bei LGI: Christian Berlin folgt auf Florian Beck | LGI Group","og_description":"Christian Berlin l\u00f6st 2027 Florian Beck als neuen CEO der LGI Logistics Group International GmbH ab. Erfahren Sie mehr \u00fcber seinen Hintergrund.","og_url":"https:\/\/lgigroup.com\/de-de\/neuer-ceo-bei-lgi-christian-berlin-folgt-auf-florian-beck\/","og_site_name":"LGI Group","article_published_time":"2026-09-04T13:27:16+00:00","article_modified_time":"2026-09-04T13:41:19+00:00","og_image":[{"width":1584,"height":396,"url":"https:\/\/lgigroup.com\/wp-content\/uploads\/2026\/09\/20260904-LGI-Modern-professional-General-Linkedin-Banner.png","type":"image\/png"}],"author":"WebThinker","twitter_card":"summary_large_image","twitter_misc":{"Written by":"WebThinker","Est. reading time":"2 minutes"},"schema":{"@context":"https:\/\/schema.org","@graph":[{"@type":"Article","@id":"https:\/\/lgigroup.com\/de-de\/neuer-ceo-bei-lgi-christian-berlin-folgt-auf-florian-beck\/#article","isPartOf":{"@id":"https:\/\/lgigroup.com\/de-de\/neuer-ceo-bei-lgi-christian-berlin-folgt-auf-florian-beck\/"},"author":{"name":"WebThinker","@id":"https:\/\/lgigroup.com\/de-de\/#\/schema\/person\/57c19e975754025ec3b953f8b668987b"},"headline":"Neuer CEO bei LGI: Christian Berlin folgt auf Florian Beck","datePublished":"2026-09-04T13:27:16+00:00","dateModified":"2026-09-04T13:41:19+00:00","mainEntityOfPage":{"@id":"https:\/\/lgigroup.com\/de-de\/neuer-ceo-bei-lgi-christian-berlin-folgt-auf-florian-beck\/"},"wordCount":166,"publisher":{"@id":"https:\/\/lgigroup.com\/de-de\/#organization"},"image":{"@id":"https:\/\/lgigroup.com\/de-de\/neuer-ceo-bei-lgi-christian-berlin-folgt-auf-florian-beck\/#primaryimage"},"thumbnailUrl":"https:\/\/lgigroup.com\/wp-content\/uploads\/2026\/09\/20260904-LGI-Modern-professional-General-Linkedin-Banner.png","articleSection":["News"],"inLanguage":"de-de"},{"@type":"WebPage","@id":"https:\/\/lgigroup.com\/de-de\/neuer-ceo-bei-lgi-christian-berlin-folgt-auf-florian-beck\/","url":"https:\/\/lgigroup.com\/de-de\/neuer-ceo-bei-lgi-christian-berlin-folgt-auf-florian-beck\/","name":"Neuer CEO bei LGI: Christian Berlin folgt auf Florian Beck | LGI Group","isPartOf":{"@id":"https:\/\/lgigroup.com\/de-de\/#website"},"primaryImageOfPage":{"@id":"https:\/\/lgigroup.com\/de-de\/neuer-ceo-bei-lgi-christian-berlin-folgt-auf-florian-beck\/#primaryimage"},"image":{"@id":"https:\/\/lgigroup.com\/de-de\/neuer-ceo-bei-lgi-christian-berlin-folgt-auf-florian-beck\/#primaryimage"},"thumbnailUrl":"https:\/\/lgigroup.com\/wp-content\/uploads\/2026\/09\/20260904-LGI-Modern-professional-General-Linkedin-Banner.png","datePublished":"2026-09-04T13:27:16+00:00","dateModified":"2026-09-04T13:41:19+00:00","description":"Christian Berlin l\u00f6st 2027 Florian Beck als neuen CEO der LGI Logistics Group International GmbH ab. Erfahren Sie mehr \u00fcber seinen Hintergrund.","breadcrumb":{"@id":"https:\/\/lgigroup.com\/de-de\/neuer-ceo-bei-lgi-christian-berlin-folgt-auf-florian-beck\/#breadcrumb"},"inLanguage":"de-de","potentialAction":[{"@type":"ReadAction","target":["https:\/\/lgigroup.com\/de-de\/neuer-ceo-bei-lgi-christian-berlin-folgt-auf-florian-beck\/"]}]},{"@type":"ImageObject","inLanguage":"de-de","@id":"https:\/\/lgigroup.com\/de-de\/neuer-ceo-bei-lgi-christian-berlin-folgt-auf-florian-beck\/#primaryimage","url":"https:\/\/lgigroup.com\/wp-content\/uploads\/2026\/09\/20260904-LGI-Modern-professional-General-Linkedin-Banner.png","contentUrl":"https:\/\/lgigroup.com\/wp-content\/uploads\/2026\/09\/20260904-LGI-Modern-professional-General-Linkedin-Banner.png","width":1584,"height":396,"caption":"News banner"},{"@type":"BreadcrumbList","@id":"https:\/\/lgigroup.com\/de-de\/neuer-ceo-bei-lgi-christian-berlin-folgt-auf-florian-beck\/#breadcrumb","itemListElement":[{"@type":"ListItem","position":1,"name":"Startseite","item":"https:\/\/lgigroup.com\/de-de\/"},{"@type":"ListItem","position":2,"name":"Neuer CEO bei LGI: Christian Berlin folgt auf Florian Beck"}]},{"@type":"WebSite","@id":"https:\/\/lgigroup.com\/de-de\/#website","url":"https:\/\/lgigroup.com\/de-de\/","name":"LGI Group","description":"","publisher":{"@id":"https:\/\/lgigroup.com\/de-de\/#organization"},"potentialAction":[{"@type":"SearchAction","target":{"@type":"EntryPoint","urlTemplate":"https:\/\/lgigroup.com\/de-de\/?s={search_term_string}"},"query-input":{"@type":"PropertyValueSpecification","valueRequired":true,"valueName":"search_term_string"}}],"inLanguage":"de-de"},{"@type":"Organization","@id":"https:\/\/lgigroup.com\/de-de\/#organization","name":"LGI GmbH","url":"https:\/\/lgigroup.com\/de-de\/","logo":{"@type":"ImageObject","inLanguage":"de-de","@id":"https:\/\/lgigroup.com\/de-de\/#\/schema\/logo\/image\/","url":"https:\/\/lgigroup.com\/wp-content\/uploads\/2023\/01\/lgi-logo.png","contentUrl":"https:\/\/lgigroup.com\/wp-content\/uploads\/2023\/01\/lgi-logo.png","width":420,"height":200,"caption":"LGI GmbH"},"image":{"@id":"https:\/\/lgigroup.com\/de-de\/#\/schema\/logo\/image\/"}},{"@type":"Person","@id":"https:\/\/lgigroup.com\/de-de\/#\/schema\/person\/57c19e975754025ec3b953f8b668987b","name":"WebThinker","sameAs":["https:\/\/lgigroup.com"]}]}},"_links":{"self":[{"href":"https:\/\/lgigroup.com\/de-de\/wp-json\/wp\/v2\/posts\/31849","targetHints":{"allow":["GET"]}}],"collection":[{"href":"https:\/\/lgigroup.com\/de-de\/wp-json\/wp\/v2\/posts"}],"about":[{"href":"https:\/\/lgigroup.com\/de-de\/wp-json\/wp\/v2\/types\/post"}],"author":[{"embeddable":true,"href":"https:\/\/lgigroup.com\/de-de\/wp-json\/wp\/v2\/users\/1"}],"replies":[{"embeddable":true,"href":"https:\/\/lgigroup.com\/de-de\/wp-json\/wp\/v2\/comments?post=31849"}],"version-history":[{"count":1,"href":"https:\/\/lgigroup.com\/de-de\/wp-json\/wp\/v2\/posts\/31849\/revisions"}],"predecessor-version":[{"id":31850,"href":"https:\/\/lgigroup.com\/de-de\/wp-json\/wp\/v2\/posts\/31849\/revisions\/31850"}],"wp:featuredmedia":[{"embeddable":true,"href":"https:\/\/lgigroup.com\/de-de\/wp-json\/wp\/v2\/media\/31806"}],"wp:attachment":[{"href":"https:\/\/lgigroup.com\/de-de\/wp-json\/wp\/v2\/media?parent=31849"}],"wp:term":[{"taxonomy":"category","embeddable":true,"href":"https:\/\/lgigroup.com\/de-de\/wp-json\/wp\/v2\/categories?post=31849"},{"taxonomy":"post_tag","embeddable":true,"href":"https:\/\/lgigroup.com\/de-de\/wp-json\/wp\/v2\/tags?post=31849"}],"curies":[{"name":"wp","href":"https:\/\/api.w.org\/{rel}","templated":true}]}}