{"id":31844,"date":"2026-09-04T15:27:16","date_gmt":"2026-09-04T13:27:16","guid":{"rendered":"https:\/\/lgigroup.com\/?p=31844"},"modified":"2026-09-04T15:42:10","modified_gmt":"2026-09-04T13:42:10","slug":"new-ceo-at-lgi-christian-berlin-to-succeed-florian-beck","status":"publish","type":"post","link":"https:\/\/lgigroup.com\/uk-en\/new-ceo-at-lgi-christian-berlin-to-succeed-florian-beck\/","title":{"rendered":"New CEO at LGI: Christian Berlin to Succeed Florian Beck"},"content":{"rendered":"\n<div class=\"wp-block-group container\"><div class=\"wp-block-group__inner-container is-layout-constrained wp-block-group-is-layout-constrained\">\n<div class=\"wp-block-columns is-layout-flex wp-container-core-columns-is-layout-8f761849 wp-block-columns-is-layout-flex\">\n<div class=\"wp-block-column is-layout-flow wp-block-column-is-layout-flow\" style=\"flex-basis:550px\">\n<figure class=\"wp-block-image size-full\"><img loading=\"lazy\" decoding=\"async\" width=\"1722\" height=\"1150\" src=\"\/wp-content\/uploads\/2026\/09\/20260904-LGI-Foto-Christian-Berlin.jpg\" alt=\"Christian Berlin - CEO\" class=\"wp-image-31818\" srcset=\"https:\/\/lgigroup.com\/wp-content\/uploads\/2026\/09\/20260904-LGI-Foto-Christian-Berlin.jpg 1722w, https:\/\/lgigroup.com\/wp-content\/uploads\/2026\/09\/20260904-LGI-Foto-Christian-Berlin-300x200.jpg 300w, https:\/\/lgigroup.com\/wp-content\/uploads\/2026\/09\/20260904-LGI-Foto-Christian-Berlin-1024x684.jpg 1024w, https:\/\/lgigroup.com\/wp-content\/uploads\/2026\/09\/20260904-LGI-Foto-Christian-Berlin-768x513.jpg 768w, https:\/\/lgigroup.com\/wp-content\/uploads\/2026\/09\/20260904-LGI-Foto-Christian-Berlin-1536x1026.jpg 1536w\" sizes=\"auto, (max-width: 1722px) 100vw, 1722px\" \/><\/figure>\n<\/div>\n\n\n\n<div class=\"wp-block-column is-layout-flow wp-block-column-is-layout-flow\">\r\n                <div class=\"headline-block \">\r\n                    \r\n                        <div class=\"container\">                            \r\n                            \r\n                            \r\n                                                                                                                                \r\n                        <\/div>                                \r\n                <\/div>\r\n            \n\n\r\n                        <section class=\"textBlock\">\r\n                            \r\n                                <div class=\"container\">\r\n                                    \r\n                                    \r\n                                    \r\n                                    <div class=\"row text\">\r\n                                        <div class=\"col\">\r\n                                            <div class=\"textBlock-text fs-16 fw-medium lh-26\">\r\n                                                \n<p class=\"wp-block-wt-text-block font-size-md\">LGI Logistics Group International GmbH is pleased to announce a change in its executive leadership: Christian Berlin will take over as Chief Executive Officer in 2027. The exact handover date will be communicated in due course. Until then, Florian Beck will continue to serve as CEO of LGI.<br><br>Christian Berlin brings many years of international leadership experience in the transport and logistics industry. Swedish by birth, he spent four years with Imperial Logistics in Shanghai before returning to Germany, where he led strategic corporate projects and later headed the Road Liquid business unit. In 2019, he joined the Nagel-Group, where he served as Managing Director and, most recently, as Managing Director Germany and Executive Director Logistics. Most recently, as COO of the HOYER Group, he was responsible for operations at Group level.<br><br>We&#8217;re delighted to have gained such a strong and experienced leader in Christian Berlin so quickly, and we warmly welcome him to LGI.<\/p>\n\r\n                                            <\/div>\r\n                                        <\/div>                                        \r\n                                    <\/div>                                                                        \r\n                                <\/div>                                \r\n                        <\/section>\r\n                    <\/div>\n<\/div>\n<\/div><\/div>\n\n\n\r\n                        <section class=\"textBlock\">\r\n                            \r\n                                <div class=\"container\">\r\n                                    \r\n                                    \r\n                                    \r\n                                    <div class=\"row text\">\r\n                                        <div class=\"col\">\r\n                                            <div class=\"textBlock-text fs-16 fw-medium lh-26\">\r\n                                                \n<p class=\"wp-block-wt-text-block font-size-md\"><\/p>\n\r\n                                            <\/div>\r\n                                        <\/div>                                        \r\n                                    <\/div>                                                                        \r\n                                <\/div>                                \r\n                        <\/section>\r\n                    \n\n            \r\n        <div class=\"spacing-block doublesmall spacing-block-id-6a9bce897dfb4\" >                                     \r\n                  <div class=\"double-small-space\">   \r\n                  <\/div>                      \r\n        <\/div>\n\n\r\n    \r\n    <section class=\"back-button-block op-2\">\r\n        \r\n        <div class=\"container\">\r\n            <div class=\"row my-5\">\r\n                <div class=\"col-12\">\r\n                    <div class=\"back-button-wrapper\">\r\n                        \r\n                        <a href=\"\/uk-en\/preferred-supplier-robert-bosch-group-honors-lgi\/\" class=\"wt-bt wt-unset-animation\">\r\n                            <span class=\"arrow\">\r\n                                <span><\/span>\r\n                                <span><\/span>\r\n                            <\/span>\r\n                            \r\n                            <span class=\"prev\">Previous<\/span>\r\n                        <\/a>     \r\n            \r\n                        \r\n                        <a href=\"\/uk-en\/\/lgi-group\/newsroom\/\" class=\"wt-unset-animation\">\r\n                            <div class=\"wt-bt-t\">\r\n                                <svg>\r\n                                    <rect x=\"0\" y=\"0\" fill=\"none\" width=\"100%\" height=\"100%\"><\/rect>\r\n                                <\/svg>\r\n                                \r\n                                <span class=\"arrow\">\r\n                                    <span><\/span>\r\n                                    <span><\/span>\r\n                                <\/span>\r\n                                \r\n                                <span>To the newsroom<\/span>\r\n                            <\/div>\r\n                        <\/a>  \r\n                        \r\n                       \r\n                                         \r\n                    <\/div>\r\n                <\/div>\r\n            <\/div>\r\n        <\/div>        \r\n        \r\n    <\/section>\n\n            \r\n        <div class=\"spacing-block large spacing-block-id-6a9bce897f7af\" >                                     \r\n                  <div class=\"large-space\">   \r\n                  <\/div>                      \r\n        <\/div>\n\n\r\n            <section class=\"more-news-block news-block-header xx-30039\">\r\n                <div class=\"container\">\r\n                    \r\n                <\/div>\r\n            <\/section>\r\n\r\n            <section class=\"news-block-wrapper\">\r\n                <div class=\"container\">\r\n                \t<div class=\"row newsPost justify-content-center\">\r\n                \t<div class=\"newsPost-slider\">                \t\r\n                    \r\n                                    <div class=\"col-12 col-md-6 col-lg-4 post-img\">\r\n\t                                    <a href=\"\/uk-en\/preferred-supplier-robert-bosch-group-honors-lgi\/\" class=\"post-ovelay-link\">                                                    \r\n\t                                     \r\n                                        <div class=\"post\">\r\n                                        \t<div class=\"post-thumbnail\">\r\n                                        \t<div class=\"post-thumbnail-layer\">\r\n                                            <img loading=\"lazy\" decoding=\"async\" width=\"2560\" height=\"933\" src=\"\/wp-content\/uploads\/2026\/08\/LGI-Headerbild-preferred-Supplier-Bosch-1-scaled.webp\" class=\"img-fluid wp-post-image\" alt=\"LGI Headerbild preferred Supplier Bosch 1 scaled\" srcset=\"\/wp-content\/uploads\/2026\/08\/LGI-Headerbild-preferred-Supplier-Bosch-1-scaled.webp 2560w, \/wp-content\/uploads\/2026\/08\/LGI-Headerbild-preferred-Supplier-Bosch-1-300x109.webp 300w, \/wp-content\/uploads\/2026\/08\/LGI-Headerbild-preferred-Supplier-Bosch-1-1024x373.webp 1024w, \/wp-content\/uploads\/2026\/08\/LGI-Headerbild-preferred-Supplier-Bosch-1-768x280.webp 768w, \/wp-content\/uploads\/2026\/08\/LGI-Headerbild-preferred-Supplier-Bosch-1-1536x560.webp 1536w, \/wp-content\/uploads\/2026\/08\/LGI-Headerbild-preferred-Supplier-Bosch-1-2048x746.webp 2048w\" sizes=\"auto, (max-width: 2560px) 100vw, 2560px\" \/>\r\n                                            <\/div>\r\n                                            <div class=\"post-mobile-info wt-post-mobile\">\r\n\t                                                <div class=\"post-top-mobile\">\r\n\t\t                                                <div class=\"date fw-semi-bold\">\r\n\t\t                                                05.08.2026\r\n\t\t                                                <\/div>\r\n\t\t                                                <span class=\"wt-sep-line\">|<\/span>\r\n\t\t                                                <h3 class=\"sub-headline wt-sl\">\r\n\t\t                                                    News\r\n\t\t                                                <\/h3>\r\n\t\t\t\t\t\t\t\t\t\t\t\t\t<\/div>\r\n\t                                                <h3 class=\"headline wt-ht\">\r\n\t                                                    Preferred Supplier: Robert Bosch Group Honors LGI\r\n\t                                                <\/h3>\r\n\t\t\t\t\t\t\t\t\t\t\t\t<\/div>\r\n                                            <\/div>\r\n                                            <div class=\"post-content p-4\">\r\n                                                \r\n                                                <h3 class=\"sub-headline wt-sl wt-post-desk\">\r\n                                                    News\r\n                                                <\/h3>\r\n                                                <h3 class=\"headline wt-ht wt-post-desk\">\r\n                                                    Preferred Supplier: Robert Bosch Group Honors LGI\r\n                                                <\/h3>\r\n                                                \r\n                                                <div class=\"post-desc wt-t wt-post-mobile\">\r\n                                                Some achievements aren&#8217;t measured in numbers, but in a certificate \u2014 handed over by a partner who knows exactly what matters. Robert Bosch Group has officially recognized LGI Logistics Group International GmbH as a Preferred Supplier. A special moment&#8230;\r\n                                                <\/div>\r\n                                                \r\n                                                \r\n\t\t\t\t\t\t\t\t\t\t\t<\/div>\r\n                                        <\/div>\r\n                                        <\/a> \r\n                                        <div class=\"wt-bt d-inline-block\">\r\n                                                    <a href=\"\/uk-en\/preferred-supplier-robert-bosch-group-honors-lgi\/\">\r\n                                                        <span class=\"arrow\">\r\n                                                            <span><\/span>\r\n                                                            <span><\/span>\r\n                                                        <\/span>                                                  \r\n                                                    <\/a>                                                \r\n                                                <\/div>\r\n                                    <\/div>\r\n                                \r\n                                    <div class=\"col-12 col-md-6 col-lg-4 post-img\">\r\n\t                                    <a href=\"\/uk-en\/lgi-appoints-frank-weber-as-chief-operating-officer\/\" class=\"post-ovelay-link\">                                                    \r\n\t                                     \r\n                                        <div class=\"post\">\r\n                                        \t<div class=\"post-thumbnail\">\r\n                                        \t<div class=\"post-thumbnail-layer\">\r\n                                            <img loading=\"lazy\" decoding=\"async\" width=\"1584\" height=\"396\" src=\"\/wp-content\/uploads\/2026\/05\/2026-0520-LGI-News-Blue-and-White-Modern-Professional-General-Linkedin-Banner.png\" class=\"img-fluid wp-post-image\" alt=\"News banner\" srcset=\"\/wp-content\/uploads\/2026\/05\/2026-0520-LGI-News-Blue-and-White-Modern-Professional-General-Linkedin-Banner.png 1584w, \/wp-content\/uploads\/2026\/05\/2026-0520-LGI-News-Blue-and-White-Modern-Professional-General-Linkedin-Banner-300x75.png 300w, \/wp-content\/uploads\/2026\/05\/2026-0520-LGI-News-Blue-and-White-Modern-Professional-General-Linkedin-Banner-1024x256.png 1024w, \/wp-content\/uploads\/2026\/05\/2026-0520-LGI-News-Blue-and-White-Modern-Professional-General-Linkedin-Banner-768x192.png 768w, \/wp-content\/uploads\/2026\/05\/2026-0520-LGI-News-Blue-and-White-Modern-Professional-General-Linkedin-Banner-1536x384.png 1536w\" sizes=\"auto, (max-width: 1584px) 100vw, 1584px\" \/>\r\n                                            <\/div>\r\n                                            <div class=\"post-mobile-info wt-post-mobile\">\r\n\t                                                <div class=\"post-top-mobile\">\r\n\t\t                                                <div class=\"date fw-semi-bold\">\r\n\t\t                                                09.06.2026\r\n\t\t                                                <\/div>\r\n\t\t                                                <span class=\"wt-sep-line\">|<\/span>\r\n\t\t                                                <h3 class=\"sub-headline wt-sl\">\r\n\t\t                                                    News\r\n\t\t                                                <\/h3>\r\n\t\t\t\t\t\t\t\t\t\t\t\t\t<\/div>\r\n\t                                                <h3 class=\"headline wt-ht\">\r\n\t                                                    LGI Appoints Frank Weber as Chief Operating Officer\r\n\t                                                <\/h3>\r\n\t\t\t\t\t\t\t\t\t\t\t\t<\/div>\r\n                                            <\/div>\r\n                                            <div class=\"post-content p-4\">\r\n                                                \r\n                                                <h3 class=\"sub-headline wt-sl wt-post-desk\">\r\n                                                    News\r\n                                                <\/h3>\r\n                                                <h3 class=\"headline wt-ht wt-post-desk\">\r\n                                                    LGI Appoints Frank Weber as Chief Operating Officer\r\n                                                <\/h3>\r\n                                                \r\n                                                <div class=\"post-desc wt-t wt-post-mobile\">\r\n                                                B\u00f6blingen, June 3, 2026 \u2013 LGI Logistics Group International GmbH announces the appointment of Frank Weber as Chief Operating Officer (COO). Frank Weber takes up his new role on July 1, 2026.\r\n                                                <\/div>\r\n                                                \r\n                                                \r\n\t\t\t\t\t\t\t\t\t\t\t<\/div>\r\n                                        <\/div>\r\n                                        <\/a> \r\n                                        <div class=\"wt-bt d-inline-block\">\r\n                                                    <a href=\"\/uk-en\/lgi-appoints-frank-weber-as-chief-operating-officer\/\">\r\n                                                        <span class=\"arrow\">\r\n                                                            <span><\/span>\r\n                                                            <span><\/span>\r\n                                                        <\/span>                                                  \r\n                                                    <\/a>                                                \r\n                                                <\/div>\r\n                                    <\/div>\r\n                                \r\n                                    <div class=\"col-12 col-md-6 col-lg-4 post-img\">\r\n\t                                    <a href=\"\/uk-en\/florian-beck-appointed-ceo-of-elanders-group\/\" class=\"post-ovelay-link\">                                                    \r\n\t                                     \r\n                                        <div class=\"post\">\r\n                                        \t<div class=\"post-thumbnail\">\r\n                                        \t<div class=\"post-thumbnail-layer\">\r\n                                            <img loading=\"lazy\" decoding=\"async\" width=\"1584\" height=\"396\" src=\"\/wp-content\/uploads\/2026\/05\/2026-0520-LGI-News-Blue-and-White-Modern-Professional-General-Linkedin-Banner.png\" class=\"img-fluid wp-post-image\" alt=\"News banner\" srcset=\"\/wp-content\/uploads\/2026\/05\/2026-0520-LGI-News-Blue-and-White-Modern-Professional-General-Linkedin-Banner.png 1584w, \/wp-content\/uploads\/2026\/05\/2026-0520-LGI-News-Blue-and-White-Modern-Professional-General-Linkedin-Banner-300x75.png 300w, \/wp-content\/uploads\/2026\/05\/2026-0520-LGI-News-Blue-and-White-Modern-Professional-General-Linkedin-Banner-1024x256.png 1024w, \/wp-content\/uploads\/2026\/05\/2026-0520-LGI-News-Blue-and-White-Modern-Professional-General-Linkedin-Banner-768x192.png 768w, \/wp-content\/uploads\/2026\/05\/2026-0520-LGI-News-Blue-and-White-Modern-Professional-General-Linkedin-Banner-1536x384.png 1536w\" sizes=\"auto, (max-width: 1584px) 100vw, 1584px\" \/>\r\n                                            <\/div>\r\n                                            <div class=\"post-mobile-info wt-post-mobile\">\r\n\t                                                <div class=\"post-top-mobile\">\r\n\t\t                                                <div class=\"date fw-semi-bold\">\r\n\t\t                                                22.05.2026\r\n\t\t                                                <\/div>\r\n\t\t                                                <span class=\"wt-sep-line\">|<\/span>\r\n\t\t                                                <h3 class=\"sub-headline wt-sl\">\r\n\t\t                                                    News\r\n\t\t                                                <\/h3>\r\n\t\t\t\t\t\t\t\t\t\t\t\t\t<\/div>\r\n\t                                                <h3 class=\"headline wt-ht\">\r\n\t                                                    Florian Beck appointed CEO of Elanders Group\r\n\t                                                <\/h3>\r\n\t\t\t\t\t\t\t\t\t\t\t\t<\/div>\r\n                                            <\/div>\r\n                                            <div class=\"post-content p-4\">\r\n                                                \r\n                                                <h3 class=\"sub-headline wt-sl wt-post-desk\">\r\n                                                    News\r\n                                                <\/h3>\r\n                                                <h3 class=\"headline wt-ht wt-post-desk\">\r\n                                                    Florian Beck appointed CEO of Elanders Group\r\n                                                <\/h3>\r\n                                                \r\n                                                <div class=\"post-desc wt-t wt-post-mobile\">\r\n                                                LGI Logistics Group International is entering a new chapter: our CEO Florian Beck will take on the role of CEO of the &#8230;\r\n                                                <\/div>\r\n                                                \r\n                                                \r\n\t\t\t\t\t\t\t\t\t\t\t<\/div>\r\n                                        <\/div>\r\n                                        <\/a> \r\n                                        <div class=\"wt-bt d-inline-block\">\r\n                                                    <a href=\"\/uk-en\/florian-beck-appointed-ceo-of-elanders-group\/\">\r\n                                                        <span class=\"arrow\">\r\n                                                            <span><\/span>\r\n                                                            <span><\/span>\r\n                                                        <\/span>                                                  \r\n                                                    <\/a>                                                \r\n                                                <\/div>\r\n                                    <\/div>\r\n                                \r\n                                    <div class=\"col-12 col-md-6 col-lg-4 post-img\">\r\n\t                                    <a href=\"\/uk-en\/lgi-expands-management-board-as-of-january-1st-2026\/\" class=\"post-ovelay-link\">                                                    \r\n\t                                     \r\n                                        <div class=\"post\">\r\n                                        \t<div class=\"post-thumbnail\">\r\n                                        \t<div class=\"post-thumbnail-layer\">\r\n                                            <img loading=\"lazy\" decoding=\"async\" width=\"1920\" height=\"700\" src=\"\/wp-content\/uploads\/2026\/03\/20260216-lgi-expansion-of-the-management-team-banner-horizontal.webp\" class=\"img-fluid wp-post-image\" alt=\"LGI Gesch\u00e4ftsf\u00fchrung vor dem LGI Geb\u00e4ude\" srcset=\"\/wp-content\/uploads\/2026\/03\/20260216-lgi-expansion-of-the-management-team-banner-horizontal.webp 1920w, \/wp-content\/uploads\/2026\/03\/20260216-lgi-expansion-of-the-management-team-banner-horizontal-300x109.webp 300w, \/wp-content\/uploads\/2026\/03\/20260216-lgi-expansion-of-the-management-team-banner-horizontal-1024x373.webp 1024w, \/wp-content\/uploads\/2026\/03\/20260216-lgi-expansion-of-the-management-team-banner-horizontal-768x280.webp 768w, \/wp-content\/uploads\/2026\/03\/20260216-lgi-expansion-of-the-management-team-banner-horizontal-1536x560.webp 1536w\" sizes=\"auto, (max-width: 1920px) 100vw, 1920px\" \/>\r\n                                            <\/div>\r\n                                            <div class=\"post-mobile-info wt-post-mobile\">\r\n\t                                                <div class=\"post-top-mobile\">\r\n\t\t                                                <div class=\"date fw-semi-bold\">\r\n\t\t                                                04.03.2026\r\n\t\t                                                <\/div>\r\n\t\t                                                <span class=\"wt-sep-line\">|<\/span>\r\n\t\t                                                <h3 class=\"sub-headline wt-sl\">\r\n\t\t                                                    News\r\n\t\t                                                <\/h3>\r\n\t\t\t\t\t\t\t\t\t\t\t\t\t<\/div>\r\n\t                                                <h3 class=\"headline wt-ht\">\r\n\t                                                    LGI Expands Management Board as of January 1st, 2026\r\n\t                                                <\/h3>\r\n\t\t\t\t\t\t\t\t\t\t\t\t<\/div>\r\n                                            <\/div>\r\n                                            <div class=\"post-content p-4\">\r\n                                                \r\n                                                <h3 class=\"sub-headline wt-sl wt-post-desk\">\r\n                                                    News\r\n                                                <\/h3>\r\n                                                <h3 class=\"headline wt-ht wt-post-desk\">\r\n                                                    LGI Expands Management Board as of January 1st, 2026\r\n                                                <\/h3>\r\n                                                \r\n                                                <div class=\"post-desc wt-t wt-post-mobile\">\r\n                                                Effective January 1st, 2026, LGI Logistics Group International GmbH is strengthening its management team in three key areas. Alongside the existing&#8230;\r\n                                                <\/div>\r\n                                                \r\n                                                \r\n\t\t\t\t\t\t\t\t\t\t\t<\/div>\r\n                                        <\/div>\r\n                                        <\/a> \r\n                                        <div class=\"wt-bt d-inline-block\">\r\n                                                    <a href=\"\/uk-en\/lgi-expands-management-board-as-of-january-1st-2026\/\">\r\n                                                        <span class=\"arrow\">\r\n                                                            <span><\/span>\r\n                                                            <span><\/span>\r\n                                                        <\/span>                                                  \r\n                                                    <\/a>                                                \r\n                                                <\/div>\r\n                                    <\/div>\r\n                                \r\n                   \t<\/div>\r\n                   \t<\/div>\r\n                <\/div>\r\n            <\/section>\r\n            \n\n            \r\n        <div class=\"spacing-block large spacing-block-id-6a9bce89882e7\" >                                     \r\n                  <div class=\"large-space\">   \r\n                  <\/div>                      \r\n        <\/div>\n\n   \r\n    \r\n    <section id=\"Contact-person\" class=\"contact-person-block contact-person-block-id-6a9bce8988430 encoded-email\" data-idcp=\"6123\" data-mail=\"bWFydGluYV93ZWloaW5nQGxnaS5kZQ==\">\r\n    \r\n        \r\n        <div class=\"contact-person-bg-img-wrapper\">\r\n            <img loading=\"lazy\" decoding=\"async\" width=\"1920\" height=\"500\" src=\"\/wp-content\/uploads\/2023\/03\/lgi-location-holland.jpg\" class=\"img-fluid bg-image\" alt=\"Location holland | LGI\" srcset=\"\/wp-content\/uploads\/2023\/03\/lgi-location-holland.jpg 1920w, \/wp-content\/uploads\/2023\/03\/lgi-location-holland-300x78.jpg 300w, \/wp-content\/uploads\/2023\/03\/lgi-location-holland-1024x267.jpg 1024w, \/wp-content\/uploads\/2023\/03\/lgi-location-holland-768x200.jpg 768w, \/wp-content\/uploads\/2023\/03\/lgi-location-holland-1536x400.jpg 1536w\" sizes=\"auto, (max-width: 1920px) 100vw, 1920px\" \/>\r\n        <\/div>\r\n        \r\n        <div class=\"container contact-person-content-wrapper\">\r\n            <div class=\"row\">\r\n                <div class=\"col-12 col-lg-6 contact-person-text-wrapper contact-text-align\">\r\n                    <span class=\"wt-bh\">Your contact at LGI<\/span>\r\n                    <span class=\"wt-hl wt-big-string\">Please feel free to <span class='wt-font-color-white'>contact<\/span> us!<\/span>\r\n                <\/div>\r\n                <div class=\"col-12 col-lg-6 order-first order-lg-last contact-person-img-wrapper\">\r\n                    <div>\r\n                        <div class=\"contact-person-wrapper contact-person\">\r\n                            <div class=\"d-flex align-items-stretch\">\r\n                                <div class=\"image-section\">\r\n                                    <img loading=\"lazy\" decoding=\"async\" width=\"540\" height=\"500\" src=\"\/wp-content\/uploads\/2023\/01\/lgi-contact-person-weihing-martina.png\" class=\"img-fluid\" alt=\"Martina Weihing - LGI contact person\" srcset=\"\/wp-content\/uploads\/2023\/01\/lgi-contact-person-weihing-martina.png 540w, \/wp-content\/uploads\/2023\/01\/lgi-contact-person-weihing-martina-300x278.png 300w\" sizes=\"auto, (max-width: 540px) 100vw, 540px\" \/>\r\n                                <\/div>\r\n                                <div class=\"pe-3 pe-sm-0 ps-3 ps-xl-3 d-flex flex-column justify-content-end content-section\">\r\n                                    <p class=\"wt-sl\">Your contact<\/p>\r\n                                \r\n                                    <p class=\"text-sec wt-text-sec\">\r\n                                        <span>Chief Revenue Officer<\/span><br>\r\n                                         Martina Weihing<br>\r\n                                        <a class=\"wt-k-click-tel\" href=\"tel:+4970312009400\">+49 7031 2009400<\/a><br>\r\n                                        <a class=\"wt-k-click-mail\" href=\"&#109;&#97;&#105;&#108;&#116;&#111;&#58;%6d%61%72%74%69%6e%61%5f%77%65%69%68%69%6e%67@%6c%67%69.%64%65\">&#x6d;&#x61;&#x72;&#x74;&#x69;&#x6e;&#x61;&#x5f;&#x77;&#x65;&#x69;&#x68;&#x69;&#x6e;&#x67;&#x40;&#x6c;&#x67;&#x69;&#x2e;&#x64;&#x65;<\/a>\r\n                                    <\/p>\r\n                                    <div class=\"button-wrapper\">\r\n                                        <div class=\"wt-bt d-none d-sm-block\" data-bs-toggle=\"modal\" data-bs-target=\"#contactModal\">Contact us<\/div>\r\n                                        <div class=\"d-none d-sm-block \"> <\/div>\r\n                                    <\/div>    \r\n                                <\/div>\r\n                            <\/div>                            \r\n                            <div class=\"button-wrapper\">\r\n                                <div class=\"mt-md-3 pt-3 pb-3 ps-3 pe-3 pt-md-3 d-sm-none\">\r\n                                    <div class=\"wt-bt\" data-bs-toggle=\"modal\" data-bs-target=\"#contactModal\">Contact us<\/div>\r\n                                    \r\n                                <\/div>\r\n                            <\/div> \r\n                        <\/div>                        \r\n                    <\/div>                    \r\n                <\/div>\r\n            <\/div>\r\n        <\/div>\r\n        \r\n    <\/section>","protected":false},"excerpt":{"rendered":"<p>LGI Logistics Group International GmbH is pleased to announce a change in its executive leadership: Christian Berlin will take over as Chief Executive&#8230;<\/p>\n","protected":false},"author":1,"featured_media":31807,"comment_status":"closed","ping_status":"closed","sticky":false,"template":"","format":"standard","meta":{"footnotes":"","_members_access_role":[],"_members_access_error":""},"categories":[66],"tags":[],"class_list":["post-31844","post","type-post","status-publish","format-standard","has-post-thumbnail","hentry","category-news-7"],"yoast_head":"<!-- This site is optimized with the Yoast SEO plugin v27.9 - https:\/\/yoast.com\/product\/yoast-seo-wordpress\/ -->\n<title>New CEO at LGI: Christian Berlin to Succeed Florian Beck | LGI Group<\/title>\n<meta name=\"description\" content=\"Christian Berlin will succeed Florian Beck as the new CEO of LGI Logistics Group International GmbH in 2027. Learn more about his background.\" \/>\n<meta name=\"robots\" content=\"index, follow, max-snippet:-1, max-image-preview:large, max-video-preview:-1\" \/>\n<link rel=\"canonical\" href=\"https:\/\/lgigroup.com\/uk-en\/wp-json\/wp\/v2\/posts\/31844\" \/>\n<meta property=\"og:locale\" content=\"en_GB\" \/>\n<meta property=\"og:type\" content=\"article\" \/>\n<meta property=\"og:title\" content=\"New CEO at LGI: Christian Berlin to Succeed Florian Beck | LGI Group\" \/>\n<meta property=\"og:description\" content=\"Christian Berlin will succeed Florian Beck as the new CEO of LGI Logistics Group International GmbH in 2027. Learn more about his background.\" \/>\n<meta property=\"og:url\" content=\"https:\/\/lgigroup.com\/uk-en\/new-ceo-at-lgi-christian-berlin-to-succeed-florian-beck\/\" \/>\n<meta property=\"og:site_name\" content=\"LGI Group\" \/>\n<meta property=\"article:published_time\" content=\"2026-09-04T13:27:16+00:00\" \/>\n<meta property=\"article:modified_time\" content=\"2026-09-04T13:42:10+00:00\" \/>\n<meta property=\"og:image\" content=\"https:\/\/lgigroup.com\/wp-content\/uploads\/2026\/09\/20260904-LGI-Modern-professional-General-Linkedin-Banner.png\" \/>\n\t<meta property=\"og:image:width\" content=\"1584\" \/>\n\t<meta property=\"og:image:height\" content=\"396\" \/>\n\t<meta property=\"og:image:type\" content=\"image\/png\" \/>\n<meta name=\"author\" content=\"WebThinker\" \/>\n<meta name=\"twitter:card\" content=\"summary_large_image\" \/>\n<meta name=\"twitter:label1\" content=\"Written by\" \/>\n\t<meta name=\"twitter:data1\" content=\"WebThinker\" \/>\n\t<meta name=\"twitter:label2\" content=\"Estimated reading time\" \/>\n\t<meta name=\"twitter:data2\" content=\"2 minutes\" \/>\n<script type=\"application\/ld+json\" class=\"yoast-schema-graph\">{\"@context\":\"https:\\\/\\\/schema.org\",\"@graph\":[{\"@type\":\"Article\",\"@id\":\"https:\\\/\\\/lgigroup.com\\\/uk-en\\\/new-ceo-at-lgi-christian-berlin-to-succeed-florian-beck\\\/#article\",\"isPartOf\":{\"@id\":\"https:\\\/\\\/lgigroup.com\\\/uk-en\\\/new-ceo-at-lgi-christian-berlin-to-succeed-florian-beck\\\/\"},\"author\":{\"name\":\"WebThinker\",\"@id\":\"https:\\\/\\\/lgigroup.com\\\/uk-en\\\/#\\\/schema\\\/person\\\/57c19e975754025ec3b953f8b668987b\"},\"headline\":\"New CEO at LGI: Christian Berlin to Succeed Florian Beck\",\"datePublished\":\"2026-09-04T13:27:16+00:00\",\"dateModified\":\"2026-09-04T13:42:10+00:00\",\"mainEntityOfPage\":{\"@id\":\"https:\\\/\\\/lgigroup.com\\\/uk-en\\\/new-ceo-at-lgi-christian-berlin-to-succeed-florian-beck\\\/\"},\"wordCount\":164,\"publisher\":{\"@id\":\"https:\\\/\\\/lgigroup.com\\\/uk-en\\\/#organization\"},\"image\":{\"@id\":\"https:\\\/\\\/lgigroup.com\\\/uk-en\\\/new-ceo-at-lgi-christian-berlin-to-succeed-florian-beck\\\/#primaryimage\"},\"thumbnailUrl\":\"https:\\\/\\\/lgigroup.com\\\/wp-content\\\/uploads\\\/2026\\\/09\\\/20260904-LGI-Modern-professional-General-Linkedin-Banner.png\",\"articleSection\":[\"News\"],\"inLanguage\":\"en-GB\"},{\"@type\":\"WebPage\",\"@id\":\"https:\\\/\\\/lgigroup.com\\\/uk-en\\\/new-ceo-at-lgi-christian-berlin-to-succeed-florian-beck\\\/\",\"url\":\"https:\\\/\\\/lgigroup.com\\\/uk-en\\\/new-ceo-at-lgi-christian-berlin-to-succeed-florian-beck\\\/\",\"name\":\"New CEO at LGI: Christian Berlin to Succeed Florian Beck | LGI Group\",\"isPartOf\":{\"@id\":\"https:\\\/\\\/lgigroup.com\\\/uk-en\\\/#website\"},\"primaryImageOfPage\":{\"@id\":\"https:\\\/\\\/lgigroup.com\\\/uk-en\\\/new-ceo-at-lgi-christian-berlin-to-succeed-florian-beck\\\/#primaryimage\"},\"image\":{\"@id\":\"https:\\\/\\\/lgigroup.com\\\/uk-en\\\/new-ceo-at-lgi-christian-berlin-to-succeed-florian-beck\\\/#primaryimage\"},\"thumbnailUrl\":\"https:\\\/\\\/lgigroup.com\\\/wp-content\\\/uploads\\\/2026\\\/09\\\/20260904-LGI-Modern-professional-General-Linkedin-Banner.png\",\"datePublished\":\"2026-09-04T13:27:16+00:00\",\"dateModified\":\"2026-09-04T13:42:10+00:00\",\"description\":\"Christian Berlin will succeed Florian Beck as the new CEO of LGI Logistics Group International GmbH in 2027. Learn more about his background.\",\"breadcrumb\":{\"@id\":\"https:\\\/\\\/lgigroup.com\\\/uk-en\\\/new-ceo-at-lgi-christian-berlin-to-succeed-florian-beck\\\/#breadcrumb\"},\"inLanguage\":\"en-GB\",\"potentialAction\":[{\"@type\":\"ReadAction\",\"target\":[\"https:\\\/\\\/lgigroup.com\\\/uk-en\\\/new-ceo-at-lgi-christian-berlin-to-succeed-florian-beck\\\/\"]}]},{\"@type\":\"ImageObject\",\"inLanguage\":\"en-GB\",\"@id\":\"https:\\\/\\\/lgigroup.com\\\/uk-en\\\/new-ceo-at-lgi-christian-berlin-to-succeed-florian-beck\\\/#primaryimage\",\"url\":\"https:\\\/\\\/lgigroup.com\\\/wp-content\\\/uploads\\\/2026\\\/09\\\/20260904-LGI-Modern-professional-General-Linkedin-Banner.png\",\"contentUrl\":\"https:\\\/\\\/lgigroup.com\\\/wp-content\\\/uploads\\\/2026\\\/09\\\/20260904-LGI-Modern-professional-General-Linkedin-Banner.png\",\"width\":1584,\"height\":396,\"caption\":\"News banner\"},{\"@type\":\"BreadcrumbList\",\"@id\":\"https:\\\/\\\/lgigroup.com\\\/uk-en\\\/new-ceo-at-lgi-christian-berlin-to-succeed-florian-beck\\\/#breadcrumb\",\"itemListElement\":[{\"@type\":\"ListItem\",\"position\":1,\"name\":\"Startseite\",\"item\":\"https:\\\/\\\/lgigroup.com\\\/uk-en\\\/\"},{\"@type\":\"ListItem\",\"position\":2,\"name\":\"New CEO at LGI: Christian Berlin to Succeed Florian Beck\"}]},{\"@type\":\"WebSite\",\"@id\":\"https:\\\/\\\/lgigroup.com\\\/uk-en\\\/#website\",\"url\":\"https:\\\/\\\/lgigroup.com\\\/uk-en\\\/\",\"name\":\"LGI Group\",\"description\":\"\",\"publisher\":{\"@id\":\"https:\\\/\\\/lgigroup.com\\\/uk-en\\\/#organization\"},\"potentialAction\":[{\"@type\":\"SearchAction\",\"target\":{\"@type\":\"EntryPoint\",\"urlTemplate\":\"https:\\\/\\\/lgigroup.com\\\/uk-en\\\/?s={search_term_string}\"},\"query-input\":{\"@type\":\"PropertyValueSpecification\",\"valueRequired\":true,\"valueName\":\"search_term_string\"}}],\"inLanguage\":\"en-GB\"},{\"@type\":\"Organization\",\"@id\":\"https:\\\/\\\/lgigroup.com\\\/uk-en\\\/#organization\",\"name\":\"LGI GmbH\",\"url\":\"https:\\\/\\\/lgigroup.com\\\/uk-en\\\/\",\"logo\":{\"@type\":\"ImageObject\",\"inLanguage\":\"en-GB\",\"@id\":\"https:\\\/\\\/lgigroup.com\\\/uk-en\\\/#\\\/schema\\\/logo\\\/image\\\/\",\"url\":\"https:\\\/\\\/lgigroup.com\\\/wp-content\\\/uploads\\\/2023\\\/01\\\/lgi-logo.png\",\"contentUrl\":\"https:\\\/\\\/lgigroup.com\\\/wp-content\\\/uploads\\\/2023\\\/01\\\/lgi-logo.png\",\"width\":420,\"height\":200,\"caption\":\"LGI GmbH\"},\"image\":{\"@id\":\"https:\\\/\\\/lgigroup.com\\\/uk-en\\\/#\\\/schema\\\/logo\\\/image\\\/\"}},{\"@type\":\"Person\",\"@id\":\"https:\\\/\\\/lgigroup.com\\\/uk-en\\\/#\\\/schema\\\/person\\\/57c19e975754025ec3b953f8b668987b\",\"name\":\"WebThinker\",\"sameAs\":[\"https:\\\/\\\/lgigroup.com\"]}]}<\/script>\n<!-- \/ Yoast SEO plugin. -->","yoast_head_json":{"title":"New CEO at LGI: Christian Berlin to Succeed Florian Beck | LGI Group","description":"Christian Berlin will succeed Florian Beck as the new CEO of LGI Logistics Group International GmbH in 2027. Learn more about his background.","robots":{"index":"index","follow":"follow","max-snippet":"max-snippet:-1","max-image-preview":"max-image-preview:large","max-video-preview":"max-video-preview:-1"},"canonical":"https:\/\/lgigroup.com\/uk-en\/wp-json\/wp\/v2\/posts\/31844","og_locale":"en_GB","og_type":"article","og_title":"New CEO at LGI: Christian Berlin to Succeed Florian Beck | LGI Group","og_description":"Christian Berlin will succeed Florian Beck as the new CEO of LGI Logistics Group International GmbH in 2027. Learn more about his background.","og_url":"https:\/\/lgigroup.com\/uk-en\/new-ceo-at-lgi-christian-berlin-to-succeed-florian-beck\/","og_site_name":"LGI Group","article_published_time":"2026-09-04T13:27:16+00:00","article_modified_time":"2026-09-04T13:42:10+00:00","og_image":[{"width":1584,"height":396,"url":"https:\/\/lgigroup.com\/wp-content\/uploads\/2026\/09\/20260904-LGI-Modern-professional-General-Linkedin-Banner.png","type":"image\/png"}],"author":"WebThinker","twitter_card":"summary_large_image","twitter_misc":{"Written by":"WebThinker","Estimated reading time":"2 minutes"},"schema":{"@context":"https:\/\/schema.org","@graph":[{"@type":"Article","@id":"https:\/\/lgigroup.com\/uk-en\/new-ceo-at-lgi-christian-berlin-to-succeed-florian-beck\/#article","isPartOf":{"@id":"https:\/\/lgigroup.com\/uk-en\/new-ceo-at-lgi-christian-berlin-to-succeed-florian-beck\/"},"author":{"name":"WebThinker","@id":"https:\/\/lgigroup.com\/uk-en\/#\/schema\/person\/57c19e975754025ec3b953f8b668987b"},"headline":"New CEO at LGI: Christian Berlin to Succeed Florian Beck","datePublished":"2026-09-04T13:27:16+00:00","dateModified":"2026-09-04T13:42:10+00:00","mainEntityOfPage":{"@id":"https:\/\/lgigroup.com\/uk-en\/new-ceo-at-lgi-christian-berlin-to-succeed-florian-beck\/"},"wordCount":164,"publisher":{"@id":"https:\/\/lgigroup.com\/uk-en\/#organization"},"image":{"@id":"https:\/\/lgigroup.com\/uk-en\/new-ceo-at-lgi-christian-berlin-to-succeed-florian-beck\/#primaryimage"},"thumbnailUrl":"https:\/\/lgigroup.com\/wp-content\/uploads\/2026\/09\/20260904-LGI-Modern-professional-General-Linkedin-Banner.png","articleSection":["News"],"inLanguage":"en-GB"},{"@type":"WebPage","@id":"https:\/\/lgigroup.com\/uk-en\/new-ceo-at-lgi-christian-berlin-to-succeed-florian-beck\/","url":"https:\/\/lgigroup.com\/uk-en\/new-ceo-at-lgi-christian-berlin-to-succeed-florian-beck\/","name":"New CEO at LGI: Christian Berlin to Succeed Florian Beck | LGI Group","isPartOf":{"@id":"https:\/\/lgigroup.com\/uk-en\/#website"},"primaryImageOfPage":{"@id":"https:\/\/lgigroup.com\/uk-en\/new-ceo-at-lgi-christian-berlin-to-succeed-florian-beck\/#primaryimage"},"image":{"@id":"https:\/\/lgigroup.com\/uk-en\/new-ceo-at-lgi-christian-berlin-to-succeed-florian-beck\/#primaryimage"},"thumbnailUrl":"https:\/\/lgigroup.com\/wp-content\/uploads\/2026\/09\/20260904-LGI-Modern-professional-General-Linkedin-Banner.png","datePublished":"2026-09-04T13:27:16+00:00","dateModified":"2026-09-04T13:42:10+00:00","description":"Christian Berlin will succeed Florian Beck as the new CEO of LGI Logistics Group International GmbH in 2027. Learn more about his background.","breadcrumb":{"@id":"https:\/\/lgigroup.com\/uk-en\/new-ceo-at-lgi-christian-berlin-to-succeed-florian-beck\/#breadcrumb"},"inLanguage":"en-GB","potentialAction":[{"@type":"ReadAction","target":["https:\/\/lgigroup.com\/uk-en\/new-ceo-at-lgi-christian-berlin-to-succeed-florian-beck\/"]}]},{"@type":"ImageObject","inLanguage":"en-GB","@id":"https:\/\/lgigroup.com\/uk-en\/new-ceo-at-lgi-christian-berlin-to-succeed-florian-beck\/#primaryimage","url":"https:\/\/lgigroup.com\/wp-content\/uploads\/2026\/09\/20260904-LGI-Modern-professional-General-Linkedin-Banner.png","contentUrl":"https:\/\/lgigroup.com\/wp-content\/uploads\/2026\/09\/20260904-LGI-Modern-professional-General-Linkedin-Banner.png","width":1584,"height":396,"caption":"News banner"},{"@type":"BreadcrumbList","@id":"https:\/\/lgigroup.com\/uk-en\/new-ceo-at-lgi-christian-berlin-to-succeed-florian-beck\/#breadcrumb","itemListElement":[{"@type":"ListItem","position":1,"name":"Startseite","item":"https:\/\/lgigroup.com\/uk-en\/"},{"@type":"ListItem","position":2,"name":"New CEO at LGI: Christian Berlin to Succeed Florian Beck"}]},{"@type":"WebSite","@id":"https:\/\/lgigroup.com\/uk-en\/#website","url":"https:\/\/lgigroup.com\/uk-en\/","name":"LGI Group","description":"","publisher":{"@id":"https:\/\/lgigroup.com\/uk-en\/#organization"},"potentialAction":[{"@type":"SearchAction","target":{"@type":"EntryPoint","urlTemplate":"https:\/\/lgigroup.com\/uk-en\/?s={search_term_string}"},"query-input":{"@type":"PropertyValueSpecification","valueRequired":true,"valueName":"search_term_string"}}],"inLanguage":"en-GB"},{"@type":"Organization","@id":"https:\/\/lgigroup.com\/uk-en\/#organization","name":"LGI GmbH","url":"https:\/\/lgigroup.com\/uk-en\/","logo":{"@type":"ImageObject","inLanguage":"en-GB","@id":"https:\/\/lgigroup.com\/uk-en\/#\/schema\/logo\/image\/","url":"https:\/\/lgigroup.com\/wp-content\/uploads\/2023\/01\/lgi-logo.png","contentUrl":"https:\/\/lgigroup.com\/wp-content\/uploads\/2023\/01\/lgi-logo.png","width":420,"height":200,"caption":"LGI GmbH"},"image":{"@id":"https:\/\/lgigroup.com\/uk-en\/#\/schema\/logo\/image\/"}},{"@type":"Person","@id":"https:\/\/lgigroup.com\/uk-en\/#\/schema\/person\/57c19e975754025ec3b953f8b668987b","name":"WebThinker","sameAs":["https:\/\/lgigroup.com"]}]}},"_links":{"self":[{"href":"https:\/\/lgigroup.com\/uk-en\/wp-json\/wp\/v2\/posts\/31844","targetHints":{"allow":["GET"]}}],"collection":[{"href":"https:\/\/lgigroup.com\/uk-en\/wp-json\/wp\/v2\/posts"}],"about":[{"href":"https:\/\/lgigroup.com\/uk-en\/wp-json\/wp\/v2\/types\/post"}],"author":[{"embeddable":true,"href":"https:\/\/lgigroup.com\/uk-en\/wp-json\/wp\/v2\/users\/1"}],"replies":[{"embeddable":true,"href":"https:\/\/lgigroup.com\/uk-en\/wp-json\/wp\/v2\/comments?post=31844"}],"version-history":[{"count":1,"href":"https:\/\/lgigroup.com\/uk-en\/wp-json\/wp\/v2\/posts\/31844\/revisions"}],"predecessor-version":[{"id":31846,"href":"https:\/\/lgigroup.com\/uk-en\/wp-json\/wp\/v2\/posts\/31844\/revisions\/31846"}],"wp:featuredmedia":[{"embeddable":true,"href":"https:\/\/lgigroup.com\/uk-en\/wp-json\/wp\/v2\/media\/31807"}],"wp:attachment":[{"href":"https:\/\/lgigroup.com\/uk-en\/wp-json\/wp\/v2\/media?parent=31844"}],"wp:term":[{"taxonomy":"category","embeddable":true,"href":"https:\/\/lgigroup.com\/uk-en\/wp-json\/wp\/v2\/categories?post=31844"},{"taxonomy":"post_tag","embeddable":true,"href":"https:\/\/lgigroup.com\/uk-en\/wp-json\/wp\/v2\/tags?post=31844"}],"curies":[{"name":"wp","href":"https:\/\/api.w.org\/{rel}","templated":true}]}}